{"id":195485,"date":"2025-12-20T01:13:28","date_gmt":"2025-12-20T01:13:28","guid":{"rendered":"https:\/\/www.europesays.com\/pt\/195485\/"},"modified":"2025-12-20T01:13:28","modified_gmt":"2025-12-20T01:13:28","slug":"plano-de-paz-de-trump-nas-maos-de-kiev-e-europa","status":"publish","type":"post","link":"https:\/\/www.europesays.com\/pt\/195485\/","title":{"rendered":"Plano de Paz de Trump nas M\u00e3os de Kiev e Europa"},"content":{"rendered":"<p>O Presidente russo, Vladimir Putin, negou esta sexta-feira, 19 de dezembro, ter rejeitado o plano de paz para a Ucr\u00e2nia do hom\u00f3logo norte-americano, Donald Trump, e disse que \u201ca bola\u201d estava agora do lado de Kiev e dos europeus.<\/p>\n<p>\u201cIsso \u00e9 absolutamente incorreto e n\u00e3o tem qualquer fundamento\u201d, afirmou Putin durante uma confer\u00eancia de imprensa anual transmitida pela televis\u00e3o, citado pela ag\u00eancia de not\u00edcias espanhola EFE.<\/p>\n<p>\u201cA bola encontra-se totalmente do lado dos nossos advers\u00e1rios ocidentais, principalmente do chefe do regime de Kiev [Volodymyr Zelensky] e dos seus patrocinadores europeus\u201d, disse o l\u00edder russo.<\/p>\n<p>Putin lembrou que se reuniu com Trump em agosto, no Alasca, e que praticamente aceitou as propostas do Presidente dos Estados Unidos, depois de os emiss\u00e1rios de Washington terem solicitado que Moscovo fizesse \u201ccertas concess\u00f5es\u201d.<\/p>\n<p>\u201cTrump realiza esfor\u00e7os importantes para p\u00f4r fim ao conflito. Como referi no passado, ele f\u00e1-lo, do meu ponto de vista, de maneira absolutamente sincera\u201d, assinalou.<\/p>\n<p>Putin reafirmou na quarta-feira, 17, que, caso as negocia\u00e7\u00f5es diplom\u00e1ticas fracassassem, a R\u00fassia recuperaria os \u201cterrit\u00f3rios hist\u00f3ricos russos\u201d na Ucr\u00e2nia \u201cpela via militar\u201d.<\/p>\n<p>Moscovo rejeitou categoricamente a possibilidade de um destacamento de tropas de pa\u00edses membros da NATO no pa\u00eds vizinho como garantia de seguran\u00e7a para a Ucr\u00e2nia ap\u00f3s o fim da guerra.<\/p>\n<p>A presid\u00eancia russa confirmou que uma delega\u00e7\u00e3o de Moscovo manter\u00e1 no fim de semana consultas com representantes norte-americanos para abordar o resultado das negocia\u00e7\u00f5es em Berlim com ucranianos e europeus.<\/p>\n<p>Putin tamb\u00e9m rejeitou qualquer responsabilidade pelas mortes causadas pela guerra na Ucr\u00e2nia, desencadeada pela R\u00fassia h\u00e1 quase quatro anos, atribuindo-a \u00e0s autoridades ucranianas.<\/p>\n<p>\u201cN\u00e3o nos consideramos respons\u00e1veis pela morte das pessoas, porque n\u00e3o come\u00e7\u00e1mos esta guerra\u201d, afirmou, citado pela ag\u00eancia de not\u00edcias France-Presse (AFP).<\/p>\n<p>Putin acusou o Ocidente e Kiev de terem enganado a R\u00fassia ao abrigo dos acordos de Minsk, de 2014 e 2015, sobre o Donbass, a regi\u00e3o no leste da Ucr\u00e2nia constitu\u00edda por Donetsk e Lugansk.<\/p>\n<p>A R\u00fassia anexou Donetsk e Lugansk em setembro de 2022, juntamente com Kherson e Zaporijia, depois de ter feito o mesmo \u00e0 Crimeia em 2014.<\/p>\n<p>Os acordos de Minsk foram mediados pela Fran\u00e7a e pela Alemanha, e contaram com a participa\u00e7\u00e3o da Ucr\u00e2nia, da R\u00fassia, dos separatistas do Donbass, apoiados por Moscovo, e da Organiza\u00e7\u00e3o para a Seguran\u00e7a e Coopera\u00e7\u00e3o na Europa (OSCE).<\/p>\n<p>Os acordos acabaram por nunca ser totalmente implementados, com acusa\u00e7\u00f5es m\u00fatuas de viola\u00e7\u00f5es, levando ao colapso com a invas\u00e3o russa em 2022.<\/p>\n<p>Putin emocionou-se ao falar dos soldados russos de diferentes origens que combatem na Ucr\u00e2nia e interrompeu brevemente uma resposta enquanto se percebia o l\u00e1bio inferior a tremer, segundo a EFE.<\/p>\n<p>Admitiu que \u201ca busca pelos soldados desaparecidos (&#8230;) \u00e9 um tema muito grave\u201d e disse que o Minist\u00e9rio da Defesa tomou medidas que melhoraram a situa\u00e7\u00e3o.<\/p>\n","protected":false},"excerpt":{"rendered":"O Presidente russo, Vladimir Putin, negou esta sexta-feira, 19 de dezembro, ter rejeitado o plano de paz para&hellip;\n","protected":false},"author":2,"featured_media":195486,"comment_status":"","ping_status":"","sticky":false,"template":"","format":"standard","meta":{"footnotes":""},"categories":[8],"tags":[27,28,15,16,15297,14,25,26,21,22,12,13,19,20,32,23,24,33,3813,17,18,29,30,31],"class_list":{"0":"post-195485","1":"post","2":"type-post","3":"status-publish","4":"format-standard","5":"has-post-thumbnail","7":"category-principais-noticias","8":"tag-breaking-news","9":"tag-breakingnews","10":"tag-featured-news","11":"tag-featurednews","12":"tag-guerra-na-ucania","13":"tag-headlines","14":"tag-latest-news","15":"tag-latestnews","16":"tag-main-news","17":"tag-mainnews","18":"tag-news","19":"tag-noticias","20":"tag-noticias-principais","21":"tag-noticiasprincipais","22":"tag-portugal","23":"tag-principais-noticias","24":"tag-principaisnoticias","25":"tag-pt","26":"tag-putin","27":"tag-top-stories","28":"tag-topstories","29":"tag-ultimas","30":"tag-ultimas-noticias","31":"tag-ultimasnoticias"},"share_on_mastodon":{"url":"https:\/\/pubeurope.com\/@pt\/115749244460320638","error":""},"_links":{"self":[{"href":"https:\/\/www.europesays.com\/pt\/wp-json\/wp\/v2\/posts\/195485","targetHints":{"allow":["GET"]}}],"collection":[{"href":"https:\/\/www.europesays.com\/pt\/wp-json\/wp\/v2\/posts"}],"about":[{"href":"https:\/\/www.europesays.com\/pt\/wp-json\/wp\/v2\/types\/post"}],"author":[{"embeddable":true,"href":"https:\/\/www.europesays.com\/pt\/wp-json\/wp\/v2\/users\/2"}],"replies":[{"embeddable":true,"href":"https:\/\/www.europesays.com\/pt\/wp-json\/wp\/v2\/comments?post=195485"}],"version-history":[{"count":0,"href":"https:\/\/www.europesays.com\/pt\/wp-json\/wp\/v2\/posts\/195485\/revisions"}],"wp:featuredmedia":[{"embeddable":true,"href":"https:\/\/www.europesays.com\/pt\/wp-json\/wp\/v2\/media\/195486"}],"wp:attachment":[{"href":"https:\/\/www.europesays.com\/pt\/wp-json\/wp\/v2\/media?parent=195485"}],"wp:term":[{"taxonomy":"category","embeddable":true,"href":"https:\/\/www.europesays.com\/pt\/wp-json\/wp\/v2\/categories?post=195485"},{"taxonomy":"post_tag","embeddable":true,"href":"https:\/\/www.europesays.com\/pt\/wp-json\/wp\/v2\/tags?post=195485"}],"curies":[{"name":"wp","href":"https:\/\/api.w.org\/{rel}","templated":true}]}}