{"id":195493,"date":"2025-12-20T01:19:08","date_gmt":"2025-12-20T01:19:08","guid":{"rendered":"https:\/\/www.europesays.com\/pt\/195493\/"},"modified":"2025-12-20T01:19:08","modified_gmt":"2025-12-20T01:19:08","slug":"homem-aranha-um-novo-dia-pode-incluir-esquecido-personagem-da-marvel-diz-rumor","status":"publish","type":"post","link":"https:\/\/www.europesays.com\/pt\/195493\/","title":{"rendered":"Homem-Aranha: Um Novo Dia pode incluir esquecido personagem da Marvel, diz rumor"},"content":{"rendered":"<p class=\"wp-block-yoast-seo-estimated-reading-time yoast-reading-time__wrapper\">Estimated reading time: 3 minutos<\/p>\n<p>De acordo com o insider <strong>Daniel RPK<\/strong>, <a href=\"https:\/\/ovicio.com.br\/tag\/homem-aranha-um-novo-dia\/\" rel=\"nofollow noopener\" target=\"_blank\">Homem-Aranha: Um Novo Dia<\/a> deve incluir um personagem pouco lembrado dos quadrinhos do <strong>Homem-Aranha<\/strong>: <strong>Frederick Foswell<\/strong>.<\/p>\n<p>O personagem apareceu pela primeira vez na edi\u00e7\u00e3o #10 de <strong>The Amazing Spider-Man<\/strong>, de <strong>Stan Lee<\/strong> e <strong>Steve Ditko<\/strong>, de 1964. Ele inicialmente era s\u00f3 um jornalista t\u00edmido e competente da equipe de <strong>J. Jonah Jameson<\/strong>. No entanto, mais tarde foi revelado que Frederick levava uma vida dupla como <strong>&#8220;O Chef\u00e3o&#8221;<\/strong>, que comandava uma gangue de Nova York conhecida como <strong>&#8220;Os Executores&#8221;<\/strong>. Para esconder a baixa estatura, ele usava sapatos de plataforma, um casaco acolchoado e um amplificador de voz.<\/p>\n<p>Depois de ser desmascarado e preso, ele cumpriu pena na pris\u00e3o e retornou posteriormente com um novo disfarce: <strong>&#8220;O Caolho&#8221;<\/strong>. No entanto, dessa vez ele ajudava os mocinhos, usando o seu papel como informante do submundo do crime para revelar informa\u00e7\u00f5es secretas \u00e0 pol\u00edcia de Nova York e ao <strong>Homem-Aranha<\/strong>, embora ainda mantivesse as suas pr\u00f3prias ambi\u00e7\u00f5es.<\/p>\n<p>Frederick teve uma reca\u00edda e voltou a atuar como criminoso mais tarde, quando se aliou ao <strong>Rei do Crime<\/strong>, mas se redimiu na edi\u00e7\u00e3o #52 de <strong>The Amazing Spider-Man<\/strong>, de 1967, quando levou um tiro mortal para salvar a vida de <strong>J. Jonah Jameson<\/strong>, a \u00fanica pessoa que havia lhe dado uma segunda chance no <strong>Clarim Di\u00e1rio<\/strong>.<\/p>\n<p>Depois da sua morte, a sua filha <strong>Janice Foswell<\/strong> e o seu filho <strong>Frederick Foswell Jr.<\/strong> tentaram assumir o manto de <strong>&#8220;O Chef\u00e3o&#8221;<\/strong>, para se vingar do <strong>Homem-Aranha<\/strong>.<\/p>\n<p>Em outras m\u00eddias, o personagem teve uma apari\u00e7\u00e3o de destaque na aclamada s\u00e9rie animada <strong>O Espetacular Homem-Aranha<\/strong>.<\/p>\n<p><img fetchpriority=\"high\" decoding=\"async\" width=\"1024\" height=\"512\" src=\"https:\/\/www.europesays.com\/pt\/wp-content\/uploads\/2025\/12\/20251219-big-man-spider-man-no-more-1024x512.webp.webp\" alt=\"Frederick Foswell, ou &quot;O Chef\u00e3o&quot;, nos quadrinhos do Homem-Aranha\" class=\"lazyload wp-image-877108\"  data-\/>Reprodu\u00e7\u00e3o: Marvel<\/p>\n<p>Por enquanto, a sua poss\u00edvel inclus\u00e3o em <strong>Homem-Aranha: Um Novo Dia<\/strong> deve ser tratada como um rumor. Tamb\u00e9m n\u00e3o est\u00e1 claro quem poderia interpret\u00e1-lo.<\/p>\n<p><strong>Homem-Aranha: Um Novo Dia<\/strong> chegar\u00e1 aos cinemas em 31 de julho de 2026.<\/p>\n<p>Leia tamb\u00e9m sobre Homem-Aranha: Um Novo Dia:<\/p>\n","protected":false},"excerpt":{"rendered":"Estimated reading time: 3 minutos De acordo com o insider Daniel RPK, Homem-Aranha: Um Novo Dia deve incluir&hellip;\n","protected":false},"author":2,"featured_media":195494,"comment_status":"","ping_status":"","sticky":false,"template":"","format":"standard","meta":{"footnotes":""},"categories":[140],"tags":[114,115,147,148,5814,10305,792,146,32,33],"class_list":{"0":"post-195493","1":"post","2":"type-post","3":"status-publish","4":"format-standard","5":"has-post-thumbnail","7":"category-filmes","8":"tag-entertainment","9":"tag-entretenimento","10":"tag-film","11":"tag-filmes","12":"tag-homem-aranha","13":"tag-homem-aranha-um-novo-dia","14":"tag-marvel","15":"tag-movies","16":"tag-portugal","17":"tag-pt"},"share_on_mastodon":{"url":"https:\/\/pubeurope.com\/@pt\/115749268207730361","error":""},"_links":{"self":[{"href":"https:\/\/www.europesays.com\/pt\/wp-json\/wp\/v2\/posts\/195493","targetHints":{"allow":["GET"]}}],"collection":[{"href":"https:\/\/www.europesays.com\/pt\/wp-json\/wp\/v2\/posts"}],"about":[{"href":"https:\/\/www.europesays.com\/pt\/wp-json\/wp\/v2\/types\/post"}],"author":[{"embeddable":true,"href":"https:\/\/www.europesays.com\/pt\/wp-json\/wp\/v2\/users\/2"}],"replies":[{"embeddable":true,"href":"https:\/\/www.europesays.com\/pt\/wp-json\/wp\/v2\/comments?post=195493"}],"version-history":[{"count":0,"href":"https:\/\/www.europesays.com\/pt\/wp-json\/wp\/v2\/posts\/195493\/revisions"}],"wp:featuredmedia":[{"embeddable":true,"href":"https:\/\/www.europesays.com\/pt\/wp-json\/wp\/v2\/media\/195494"}],"wp:attachment":[{"href":"https:\/\/www.europesays.com\/pt\/wp-json\/wp\/v2\/media?parent=195493"}],"wp:term":[{"taxonomy":"category","embeddable":true,"href":"https:\/\/www.europesays.com\/pt\/wp-json\/wp\/v2\/categories?post=195493"},{"taxonomy":"post_tag","embeddable":true,"href":"https:\/\/www.europesays.com\/pt\/wp-json\/wp\/v2\/tags?post=195493"}],"curies":[{"name":"wp","href":"https:\/\/api.w.org\/{rel}","templated":true}]}}