{"id":195499,"date":"2025-12-20T01:24:15","date_gmt":"2025-12-20T01:24:15","guid":{"rendered":"https:\/\/www.europesays.com\/pt\/195499\/"},"modified":"2025-12-20T01:24:15","modified_gmt":"2025-12-20T01:24:15","slug":"tem-um-bmw-alguns-modelos-estao-a-ser-recolhidos-devido-a-risco-de-ferimentos","status":"publish","type":"post","link":"https:\/\/www.europesays.com\/pt\/195499\/","title":{"rendered":"Tem um BMW? Alguns modelos est\u00e3o a ser recolhidos devido a risco de ferimentos"},"content":{"rendered":"<p>A Dire\u00e7\u00e3o-Geral do Consumidor (DGC), na qualidade de ponto de contacto nacional do Safety Gate (Sistema de alerta r\u00e1pido para produtos perigosos n\u00e3o alimentares), informa que est\u00e1 a decorrer uma campanha de recolha de diversos modelos de autom\u00f3veis ligeiros de passageiros da marca &#8220;BMW&#8221;, devido a um risco de ferimentos.<\/p>\n<p><a target=\"_blank\" href=\"https:\/\/pplware.sapo.pt\/wp-content\/uploads\/2025\/12\/BMW-11-1024x576-1.jpg\" onclick=\"refreshIframe()\" class=\"foobox\" rel=\"nofollow noopener\"><img fetchpriority=\"high\" decoding=\"async\" src=\"https:\/\/www.europesays.com\/pt\/wp-content\/uploads\/2025\/12\/BMW-11-1024x576-1-720x405.jpg\" alt=\"\" width=\"720\" height=\"405\" class=\"aligncenter size-medium wp-image-1094399\"  \/><\/a><\/p>\n<p>Os ve\u00edculos abrangidos por esta campanha foram produzidos entre 01\/01\/2008 e 30\/12\/2010, pertencem aos modelos X3, 3series, M3, 1series, X1 e t\u00eam os seguintes tipo \/ homologa\u00e7\u00e3o CE<\/p>\n<p>e1*2001\/116*0249*, e1*2001\/116*0287*, e1*2001\/116*0308*, e1*2001\/116*0344*, e1*2001\/116*0346*, e1*2001\/116*0352*, e1*2007\/46*0273*, e1*2007\/46*0275*, e1*2007\/46*0277*, e1*2007\/46*0283*, e1*2007\/46*0315*, e1*2007\/46*0316*, e1*2007\/46*0377*, e24*2007\/46*0022*. <\/p>\n<p>A campanha de recolha tem o seguinte c\u00f3digo: 0032670300.<\/p>\n<p>BMW: Podem ocorrer falhas funcionais no gerador de g\u00e1s integrado<\/p>\n<p>De acordo com o alerta emitido pelo Safety Gate, ap\u00f3s v\u00e1rios anos de envelhecimento do airbag do condutor, podem ocorrer falhas funcionais no gerador de g\u00e1s integrado.<\/p>\n<p>Se o disparo do airbag ocorrer em consequ\u00eancia de um acidente, o gerador de g\u00e1s pode rebentar e as pe\u00e7as de metal podem causar les\u00f5es aos ocupantes do ve\u00edculo.<\/p>\n<p>Por este motivo, os ve\u00edculos n\u00e3o est\u00e3o em conformidade com os requisitos do Regulamento relativo \u00e0 homologa\u00e7\u00e3o e \u00e0 fiscaliza\u00e7\u00e3o do mercado dos ve\u00edculos a motor e seus reboques, e dos sistemas, componentes e unidades t\u00e9cnicas destinados a esses ve\u00edculos.<\/p>\n<p><a target=\"_blank\" href=\"https:\/\/pplware.sapo.pt\/wp-content\/uploads\/2025\/12\/airbag_arc00.jpg\" onclick=\"refreshIframe()\" class=\"foobox\" rel=\"nofollow noopener\"><img loading=\"lazy\" decoding=\"async\" src=\"https:\/\/www.europesays.com\/pt\/wp-content\/uploads\/2025\/12\/airbag_arc00-720x405.jpg\" alt=\"\" width=\"720\" height=\"405\" class=\"aligncenter size-medium wp-image-1094400\"  \/><\/a><\/p>\n<p>No mercado do pa\u00eds notificador (Alemanha) foi adotada a recolha do produto\/ve\u00edculo a motor junto dos utilizadores finais.<\/p>\n<p>O Safety Gate \u00e9 um sistema europeu que visa detetar a exist\u00eancia de produtos considerados perigosos nos 27 Estados-Membros (e nos pa\u00edses da Associa\u00e7\u00e3o Europeia do Com\u00e9rcio Livre &#8211; EFTA) para tomada de medidas pelas respetivas autoridades competentes.<\/p>\n<p>A DGC, como ponto de contacto nacional, recebe as notifica\u00e7\u00f5es relativas aos produtos perigosos e encaminha-as para as autoridades de fiscaliza\u00e7\u00e3o do mercado para a eventual ado\u00e7\u00e3o de medidas (nomeadamente a retirada do mercado, proibi\u00e7\u00e3o de comercializa\u00e7\u00e3o, entre outros).<\/p>\n","protected":false},"excerpt":{"rendered":"A Dire\u00e7\u00e3o-Geral do Consumidor (DGC), na qualidade de ponto de contacto nacional do Safety Gate (Sistema de alerta&hellip;\n","protected":false},"author":2,"featured_media":195500,"comment_status":"","ping_status":"","sticky":false,"template":"","format":"standard","meta":{"footnotes":""},"categories":[83],"tags":[344,88,89,90,32,33],"class_list":{"0":"post-195499","1":"post","2":"type-post","3":"status-publish","4":"format-standard","5":"has-post-thumbnail","7":"category-empresas","8":"tag-bmw","9":"tag-business","10":"tag-economy","11":"tag-empresas","12":"tag-portugal","13":"tag-pt"},"share_on_mastodon":{"url":"https:\/\/pubeurope.com\/@pt\/115749287852539454","error":""},"_links":{"self":[{"href":"https:\/\/www.europesays.com\/pt\/wp-json\/wp\/v2\/posts\/195499","targetHints":{"allow":["GET"]}}],"collection":[{"href":"https:\/\/www.europesays.com\/pt\/wp-json\/wp\/v2\/posts"}],"about":[{"href":"https:\/\/www.europesays.com\/pt\/wp-json\/wp\/v2\/types\/post"}],"author":[{"embeddable":true,"href":"https:\/\/www.europesays.com\/pt\/wp-json\/wp\/v2\/users\/2"}],"replies":[{"embeddable":true,"href":"https:\/\/www.europesays.com\/pt\/wp-json\/wp\/v2\/comments?post=195499"}],"version-history":[{"count":0,"href":"https:\/\/www.europesays.com\/pt\/wp-json\/wp\/v2\/posts\/195499\/revisions"}],"wp:featuredmedia":[{"embeddable":true,"href":"https:\/\/www.europesays.com\/pt\/wp-json\/wp\/v2\/media\/195500"}],"wp:attachment":[{"href":"https:\/\/www.europesays.com\/pt\/wp-json\/wp\/v2\/media?parent=195499"}],"wp:term":[{"taxonomy":"category","embeddable":true,"href":"https:\/\/www.europesays.com\/pt\/wp-json\/wp\/v2\/categories?post=195499"},{"taxonomy":"post_tag","embeddable":true,"href":"https:\/\/www.europesays.com\/pt\/wp-json\/wp\/v2\/tags?post=195499"}],"curies":[{"name":"wp","href":"https:\/\/api.w.org\/{rel}","templated":true}]}}