{"id":195507,"date":"2025-12-20T01:29:08","date_gmt":"2025-12-20T01:29:08","guid":{"rendered":"https:\/\/www.europesays.com\/pt\/195507\/"},"modified":"2025-12-20T01:29:08","modified_gmt":"2025-12-20T01:29:08","slug":"aeroporto-regional-de-cascavel-recebe-exposicao-fotografica-caminho-da-luz","status":"publish","type":"post","link":"https:\/\/www.europesays.com\/pt\/195507\/","title":{"rendered":"Aeroporto Regional de Cascavel recebe exposi\u00e7\u00e3o fotogr\u00e1fica &#8220;CaMinho da Luz&#8221;"},"content":{"rendered":"\n<p>O sagu\u00e3o de embarque do Aeroporto Regional de Cascavel recebe, a partir desta sexta-feira (19), a exposi\u00e7\u00e3o \u201cCaMinho da Luz\u201d, do fot\u00f3grafo Leonardo Medeiros.\u00a0Com fotos de arvores, flores e folhas que recebem a luz do sol. A mostra, que tem apoio da Secretaria de Cultura de Cascavel, ficar\u00e1 aberta at\u00e9 dia 4 de mar\u00e7o.\u00a0<\/p>\n<p>A obra traz um misto de sentimentos. \u201cReflete um caminhar e um olhar \u00e0 nossa pr\u00f3pria natureza, que \u00e9 ambiente e emo\u00e7\u00e3o. S\u00e3o registros de experi\u00eancias ao ar livre que buscam transmitir imagens e<br \/>sentimentos presentes no mundo e em n\u00f3s mesmos\u201d, explica.\u00a0<\/p>\n<p>Utilizando as t\u00e9cnicas de \u201clightpainting\u201d e \u201cbokeh\u201d, a exposi\u00e7\u00e3o apresenta experi\u00eancias onde a luz \u00e9 a protagonista. A luz revela, se move e se forma. \u201cO que se encontra na escurid\u00e3o? Em que dire\u00e7\u00e3o aponta? Como se apresenta?\u201d, questiona o fot\u00f3grafo.<\/p>\n<p><strong>Luz\u00a0<\/strong><br \/>Segundo Medeiros, nessa exposi\u00e7\u00e3o a luz se torna a protagonista pois, al\u00e9m de ser jornada, ela tamb\u00e9m \u00e9 experimentada. A partir do surgimento da luz na escurid\u00e3o, se percebe formas e caminhos que podem ser moldadas e direcionadas, revelando que o pr\u00f3prio caminho pode ser escrito.<\/p>\n","protected":false},"excerpt":{"rendered":"O sagu\u00e3o de embarque do Aeroporto Regional de Cascavel recebe, a partir desta sexta-feira (19), a exposi\u00e7\u00e3o \u201cCaMinho&hellip;\n","protected":false},"author":2,"featured_media":195508,"comment_status":"","ping_status":"","sticky":false,"template":"","format":"standard","meta":{"footnotes":""},"categories":[144],"tags":[207,205,206,203,201,202,204,114,115,32,33],"class_list":{"0":"post-195507","1":"post","2":"type-post","3":"status-publish","4":"format-standard","5":"has-post-thumbnail","7":"category-arte-e-design","8":"tag-arte","9":"tag-arte-e-design","10":"tag-artedesign","11":"tag-arts","12":"tag-arts-and-design","13":"tag-artsanddesign","14":"tag-design","15":"tag-entertainment","16":"tag-entretenimento","17":"tag-portugal","18":"tag-pt"},"share_on_mastodon":{"url":"https:\/\/pubeurope.com\/@pt\/115749307218956583","error":""},"_links":{"self":[{"href":"https:\/\/www.europesays.com\/pt\/wp-json\/wp\/v2\/posts\/195507","targetHints":{"allow":["GET"]}}],"collection":[{"href":"https:\/\/www.europesays.com\/pt\/wp-json\/wp\/v2\/posts"}],"about":[{"href":"https:\/\/www.europesays.com\/pt\/wp-json\/wp\/v2\/types\/post"}],"author":[{"embeddable":true,"href":"https:\/\/www.europesays.com\/pt\/wp-json\/wp\/v2\/users\/2"}],"replies":[{"embeddable":true,"href":"https:\/\/www.europesays.com\/pt\/wp-json\/wp\/v2\/comments?post=195507"}],"version-history":[{"count":0,"href":"https:\/\/www.europesays.com\/pt\/wp-json\/wp\/v2\/posts\/195507\/revisions"}],"wp:featuredmedia":[{"embeddable":true,"href":"https:\/\/www.europesays.com\/pt\/wp-json\/wp\/v2\/media\/195508"}],"wp:attachment":[{"href":"https:\/\/www.europesays.com\/pt\/wp-json\/wp\/v2\/media?parent=195507"}],"wp:term":[{"taxonomy":"category","embeddable":true,"href":"https:\/\/www.europesays.com\/pt\/wp-json\/wp\/v2\/categories?post=195507"},{"taxonomy":"post_tag","embeddable":true,"href":"https:\/\/www.europesays.com\/pt\/wp-json\/wp\/v2\/tags?post=195507"}],"curies":[{"name":"wp","href":"https:\/\/api.w.org\/{rel}","templated":true}]}}