{"id":195509,"date":"2025-12-20T01:31:17","date_gmt":"2025-12-20T01:31:17","guid":{"rendered":"https:\/\/www.europesays.com\/pt\/195509\/"},"modified":"2025-12-20T01:31:17","modified_gmt":"2025-12-20T01:31:17","slug":"apos-polemica-fora-de-secret-story-equipa-de-leandro-emite-comunicado-e-familia-do-concorrente-afasta-se","status":"publish","type":"post","link":"https:\/\/www.europesays.com\/pt\/195509\/","title":{"rendered":"Ap\u00f3s pol\u00e9mica fora de &#8220;Secret Story&#8221;, equipa de Leandro emite comunicado&#8230; e fam\u00edlia do concorrente afasta-se!"},"content":{"rendered":"<p>Particularmente nas \u00faltimas 48 horas, uma nova pol\u00e9mica tem dado que falar nas redes sociais, com rumores de que a equipa de Leandro estaria a contribuir para a salva\u00e7\u00e3o de F\u00e1bio Pereira e consequente elimina\u00e7\u00e3o de Pedro Jorge, dois dos tr\u00eas nomeados desta semana na nona edi\u00e7\u00e3o de &#8220;<a href=\"https:\/\/tvi.iol.pt\/secretstory\/\" target=\"_blank\" rel=\"nofollow noopener\">Secret Story<\/a> &#8211; Casa dos Segredos&#8221;.<\/p>\n<p>Esta controv\u00e9rsia levou os representantes de Leandro Martins a emitir um comunicado, esta quinta-feira, dia 18, no Instagram. &#8220;A nossa team sempre utilizou, desde o primeiro dia at\u00e9 hoje, todo o dinheiro angariado exclusivamente para o Leandro. Ao longo destes meses, desde a entrada do Leandro na casa, todo o valor reunido foi, \u00e9 e ser\u00e1 usado apenas para apoiar o Leandro&#8221;, garantiram.<\/p>\n<p>&#8220;A nossa team oficial funciona com total transpar\u00eancia. A conta principal \u00e9 do Leandro, a m\u00e3e do Leandro tem acesso e o pr\u00f3prio Leandro ter\u00e1 acesso a toda a informa\u00e7\u00e3o quando sair da casa. A nossa equipa age de forma totalmente independente. A gest\u00e3o \u00e9 feita apenas por n\u00f3s, sempre em concord\u00e2ncia com a fam\u00edlia do Leandro. N\u00e3o tomamos qualquer decis\u00e3o relacionada com vota\u00e7\u00f5es ou movimenta\u00e7\u00f5es sem esse alinhamento&#8221;, deixaram claro, prosseguindo: &#8220;Refor\u00e7amos tamb\u00e9m que nunca foi permitido falar mal de outros concorrentes no nosso grupo. Quem faz parte, sabe disso. Coment\u00e1rios desse g\u00e9nero j\u00e1 foram alertados, removidos e, quando necess\u00e1rio, pessoas foram retiradas do grupo. Nunca incentiv\u00e1mos ataques, ofensas ou campanhas negativas contra quem quer que seja.&#8221;<\/p>\n<p>Em jeito de remate, a equipa do concorrente de &#8220;Secret Story &#8211; Casa dos Segredos&#8221; destacaram que o foco est\u00e1 em levar o chef \u00e0 vit\u00f3ria do programa da <a href=\"https:\/\/tvi.iol.pt\/\" target=\"_blank\" rel=\"nofollow noopener\">TVI<\/a>: &#8220;Agradecemos a todos os que continuam a apoiar o Leandro com respeito, confian\u00e7a e uni\u00e3o. O nosso objetivo mant\u00e9m-se o mesmo: levar o Leandro o mais longe poss\u00edvel!&#8221;<\/p>\n<p>J\u00e1 nesta sexta-feira, dia 19, os representantes de <a href=\"https:\/\/selfie.iol.pt\/famosos\/casa-dos-segredos-9\/surpreendente-mae-de-leandro-faz-revelacao-sobre-o-concorrente-de-secret-story\/20251114\/6917655fd34e3caad84b4d86\" target=\"_blank\" rel=\"nofollow noopener\">Leandro Martins<\/a> voltaram \u00e0quela rede social para deixar uma nova mensagem, que indica uma decis\u00e3o tomada pelos familiares do morador da mans\u00e3o da Malveira. &#8220;Queremos esclarecer que, neste momento, a \u00fanica pessoa respons\u00e1vel pela gest\u00e3o da Team Leandro \u00e9 a Ana Costa, em conjunto com o n\u00famero que o pr\u00f3prio Leandro deixou para este fim e ao qual ter\u00e1 acesso. Antes de entrar na casa, o Leandro indicou a Ana Costa como respons\u00e1vel pela team e essa decis\u00e3o mant\u00e9m-se at\u00e9 ao final do programa. De forma consensual, a fam\u00edlia decidiu afastar-se da gest\u00e3o, apenas para evitar mais mal-entendidos, tendo em conta algumas situa\u00e7\u00f5es recentes. Este afastamento \u00e9 apenas ao n\u00edvel da gest\u00e3o p\u00fablica, n\u00e3o da informa\u00e7\u00e3o&#8221;, clarificaram.<\/p>\n<p>&#8220;Todo o dinheiro angariado, bem como comprovativos de votos e transfer\u00eancias, continuar\u00e1 a ser totalmente transparente e sempre comunicado \u00e0 fam\u00edlia&#8221;, refor\u00e7ou a equipa do participante do reality show da esta\u00e7\u00e3o de Queluz de Baixo, rematando: &#8220;Esta decis\u00e3o foi tomada em conjunto, com o \u00fanico objetivo de garantir clareza, organiza\u00e7\u00e3o e evitar mais mal-entendidos nesta fase final. Seguimos unidos e focados no que importa: apoiar o Leandro at\u00e9 ao fim.&#8221;<\/p>\n<p>Al\u00e9m de F\u00e1bio Pereira e Pedro Jorge, In\u00eas Gama luta pela perman\u00eancia na competi\u00e7\u00e3o. Um deles vai abandonar, no pr\u00f3ximo domingo, dia 21, a casa mais vigiada do Pa\u00eds.<\/p>\n<p>Veja, agora, v\u00eddeos de <a href=\"https:\/\/selfie.iol.pt\/famosos\/casa-dos-segredos-9\/espanto-em-secret-story-leandro-revela-quem-mais-o-atrai-e-resposta-deixa-todos-de-boca-aberta\/20251209\/693869b5d34e3caad84c2f0c\" target=\"_blank\" rel=\"nofollow noopener\">Leandro Martins<\/a> em &#8220;Secret Story &#8211; Casa dos Segredos&#8221;.<\/p>\n<p style=\"text-align:center\"><img loading=\"lazy\" decoding=\"async\" alt=\"\" height=\"889\" src=\"https:\/\/www.europesays.com\/pt\/wp-content\/uploads\/2025\/12\/69459173d34e2bd5c6d555df.webp\" width=\"500\"\/><\/p>\n<p style=\"text-align:center\"><img loading=\"lazy\" decoding=\"async\" alt=\"\" height=\"889\" src=\"https:\/\/www.europesays.com\/pt\/wp-content\/uploads\/2025\/12\/69459172d34e3caad84c9cff.webp\" width=\"500\"\/><\/p>\n<p>\u00a0<\/p>\n","protected":false},"excerpt":{"rendered":"Particularmente nas \u00faltimas 48 horas, uma nova pol\u00e9mica tem dado que falar nas redes sociais, com rumores de&hellip;\n","protected":false},"author":2,"featured_media":116078,"comment_status":"","ping_status":"","sticky":false,"template":"","format":"standard","meta":{"footnotes":""},"categories":[142],"tags":[2632,13471,114,115,19082,24884,980,15353,25393,1015,12397,26373,619,14646,21416,32,33,1014,1315,6985,16687,16686,1012,6986,16688,151,162],"class_list":{"0":"post-195509","1":"post","2":"type-post","3":"status-publish","4":"format-standard","5":"has-post-thumbnail","7":"category-tv","8":"tag-casa-dos-segredos","9":"tag-casa-dos-segredos-9","10":"tag-entertainment","11":"tag-entretenimento","12":"tag-fabio","13":"tag-fabio-pereira","14":"tag-famosos","15":"tag-ines","16":"tag-ines-gama","17":"tag-instagram","18":"tag-leandro","19":"tag-leandro-martins","20":"tag-nacional","21":"tag-pedro","22":"tag-pedro-jorge","23":"tag-portugal","24":"tag-pt","25":"tag-reality-show","26":"tag-secret-story","27":"tag-secret-story-casa-dos-segredos","28":"tag-secret-story-casa-dos-segredos-9","29":"tag-secret-story-9","30":"tag-selfie","31":"tag-ss","32":"tag-ss9","33":"tag-tv","34":"tag-tvi"},"share_on_mastodon":{"url":"https:\/\/pubeurope.com\/@pt\/115749315338796615","error":""},"_links":{"self":[{"href":"https:\/\/www.europesays.com\/pt\/wp-json\/wp\/v2\/posts\/195509","targetHints":{"allow":["GET"]}}],"collection":[{"href":"https:\/\/www.europesays.com\/pt\/wp-json\/wp\/v2\/posts"}],"about":[{"href":"https:\/\/www.europesays.com\/pt\/wp-json\/wp\/v2\/types\/post"}],"author":[{"embeddable":true,"href":"https:\/\/www.europesays.com\/pt\/wp-json\/wp\/v2\/users\/2"}],"replies":[{"embeddable":true,"href":"https:\/\/www.europesays.com\/pt\/wp-json\/wp\/v2\/comments?post=195509"}],"version-history":[{"count":0,"href":"https:\/\/www.europesays.com\/pt\/wp-json\/wp\/v2\/posts\/195509\/revisions"}],"wp:featuredmedia":[{"embeddable":true,"href":"https:\/\/www.europesays.com\/pt\/wp-json\/wp\/v2\/media\/116078"}],"wp:attachment":[{"href":"https:\/\/www.europesays.com\/pt\/wp-json\/wp\/v2\/media?parent=195509"}],"wp:term":[{"taxonomy":"category","embeddable":true,"href":"https:\/\/www.europesays.com\/pt\/wp-json\/wp\/v2\/categories?post=195509"},{"taxonomy":"post_tag","embeddable":true,"href":"https:\/\/www.europesays.com\/pt\/wp-json\/wp\/v2\/tags?post=195509"}],"curies":[{"name":"wp","href":"https:\/\/api.w.org\/{rel}","templated":true}]}}