{"id":195518,"date":"2025-12-20T01:39:07","date_gmt":"2025-12-20T01:39:07","guid":{"rendered":"https:\/\/www.europesays.com\/pt\/195518\/"},"modified":"2025-12-20T01:39:07","modified_gmt":"2025-12-20T01:39:07","slug":"homem-condenado-na-alemanha-por-sedar-e-violar-a-esposa-e-partilhar-os-videos-online","status":"publish","type":"post","link":"https:\/\/www.europesays.com\/pt\/195518\/","title":{"rendered":"Homem condenado na Alemanha por sedar e violar a esposa e partilhar os v\u00eddeos online"},"content":{"rendered":"<p data-remotead-prev-elm=\"true\" data-remotead-elm-id=\"inread\">Uma porta-voz do tribunal regional da cidade de Aachen, perto de Col\u00f3nia, confirmou a senten\u00e7a contra o homem, identificado como Fernando P., natural de Espanha e com 61 anos, que foi acusado de drogar e abusar sexualmente da esposa durante anos na casa que partilhavam.<\/p>\n<p>Al\u00e9m disso, o acusado tamb\u00e9m gravou aqueles atos e colocou as grava\u00e7\u00f5es em grupos de chat e plataformas digitais.<\/p>\n<p>Os crimes referidos na senten\u00e7a decorreram no per\u00edodo <strong>entre 2018 a 2024<\/strong>, embora originalmente tenha havido um caso de 2009, que tamb\u00e9m consta na acusa\u00e7\u00e3o. No entanto, o tribunal n\u00e3o conseguiu determinar com certeza se o v\u00eddeo em quest\u00e3o mostrava as a\u00e7\u00f5es do arguido para com a esposa.<\/p>\n<p>O caso tem sido comparado ao de Dominique P\u00e9licot, que drogou a sua esposa, Gisele, durante pelo menos dez anos, para permitir que dezenas de indiv\u00edduos (um total de cinquenta arguidos) a tenham violado na sua pr\u00f3pria casa, um caso que chocou a Fran\u00e7a.<\/p>\n","protected":false},"excerpt":{"rendered":"Uma porta-voz do tribunal regional da cidade de Aachen, perto de Col\u00f3nia, confirmou a senten\u00e7a contra o homem,&hellip;\n","protected":false},"author":2,"featured_media":195519,"comment_status":"","ping_status":"","sticky":false,"template":"","format":"standard","meta":{"footnotes":""},"categories":[50],"tags":[1305,27,28,15,16,14061,14,25,26,21,22,62,12,13,19,20,23,24,17,18,29,30,31,8102,63,64,65],"class_list":{"0":"post-195518","1":"post","2":"type-post","3":"status-publish","4":"format-standard","5":"has-post-thumbnail","7":"category-mundo","8":"tag-alemanha","9":"tag-breaking-news","10":"tag-breakingnews","11":"tag-featured-news","12":"tag-featurednews","13":"tag-gisele-pelicot","14":"tag-headlines","15":"tag-latest-news","16":"tag-latestnews","17":"tag-main-news","18":"tag-mainnews","19":"tag-mundo","20":"tag-news","21":"tag-noticias","22":"tag-noticias-principais","23":"tag-noticiasprincipais","24":"tag-principais-noticias","25":"tag-principaisnoticias","26":"tag-top-stories","27":"tag-topstories","28":"tag-ultimas","29":"tag-ultimas-noticias","30":"tag-ultimasnoticias","31":"tag-violacao","32":"tag-world","33":"tag-world-news","34":"tag-worldnews"},"share_on_mastodon":{"url":"https:\/\/pubeurope.com\/@pt\/115749346544577734","error":""},"_links":{"self":[{"href":"https:\/\/www.europesays.com\/pt\/wp-json\/wp\/v2\/posts\/195518","targetHints":{"allow":["GET"]}}],"collection":[{"href":"https:\/\/www.europesays.com\/pt\/wp-json\/wp\/v2\/posts"}],"about":[{"href":"https:\/\/www.europesays.com\/pt\/wp-json\/wp\/v2\/types\/post"}],"author":[{"embeddable":true,"href":"https:\/\/www.europesays.com\/pt\/wp-json\/wp\/v2\/users\/2"}],"replies":[{"embeddable":true,"href":"https:\/\/www.europesays.com\/pt\/wp-json\/wp\/v2\/comments?post=195518"}],"version-history":[{"count":0,"href":"https:\/\/www.europesays.com\/pt\/wp-json\/wp\/v2\/posts\/195518\/revisions"}],"wp:featuredmedia":[{"embeddable":true,"href":"https:\/\/www.europesays.com\/pt\/wp-json\/wp\/v2\/media\/195519"}],"wp:attachment":[{"href":"https:\/\/www.europesays.com\/pt\/wp-json\/wp\/v2\/media?parent=195518"}],"wp:term":[{"taxonomy":"category","embeddable":true,"href":"https:\/\/www.europesays.com\/pt\/wp-json\/wp\/v2\/categories?post=195518"},{"taxonomy":"post_tag","embeddable":true,"href":"https:\/\/www.europesays.com\/pt\/wp-json\/wp\/v2\/tags?post=195518"}],"curies":[{"name":"wp","href":"https:\/\/api.w.org\/{rel}","templated":true}]}}