{"id":195522,"date":"2025-12-20T01:41:24","date_gmt":"2025-12-20T01:41:24","guid":{"rendered":"https:\/\/www.europesays.com\/pt\/195522\/"},"modified":"2025-12-20T01:41:24","modified_gmt":"2025-12-20T01:41:24","slug":"parlamento-rejeita-reconhecer-profissao-de-medico-como-de-desgaste-rapido","status":"publish","type":"post","link":"https:\/\/www.europesays.com\/pt\/195522\/","title":{"rendered":"Parlamento rejeita reconhecer profiss\u00e3o de m\u00e9dico como de desgaste r\u00e1pido"},"content":{"rendered":"<p>&#13;<br \/>\nEm vota\u00e7\u00e3o na generalidade estiveram quatro projetos de lei de Chega, PAN e BE e tr\u00eas projetos de resolu\u00e7\u00e3o (recomenda\u00e7\u00f5es) de Livre, PCP e PAN, que abrangiam ainda, em parte, outros profissionais de sa\u00fade e que contaram todos com a absten\u00e7\u00e3o do PS, al\u00e9m da rejei\u00e7\u00e3o de PSD, IL, e CDS-PP.&#13;\n<\/p>\n<p>&#13;<br \/>\nNo debate, os grupos parlamentares e deputados \u00fanicos presentes foram un\u00e2nimes em reconhecer a legitimidade de a profiss\u00e3o de m\u00e9dico ser reconhecida como de desgaste r\u00e1pido, mas divergiram quanto \u00e0 oportunidade dos diplomas em discuss\u00e3o.&#13;\n<\/p>\n<p>&#13;<br \/>\nLembrando que existe um grupo de trabalho que se tem debru\u00e7ado sobre o tema de uma forma mais abrangente e que est\u00e1 em curso uma reforma laboral, a deputada do PSD Sandra Pereira sustentou que o reconhecimento da profiss\u00e3o de m\u00e9dico como de alto risco e desgaste r\u00e1pido &#8220;deve ser enquadrado num processo s\u00e9rio&#8221;, que &#8220;assegure equidade entre todos os profissionais&#8221;.&#13;\n<\/p>\n<p>&#13;<br \/>\n&#8220;Continuar a decidir este tema do desgaste profiss\u00e3o a profiss\u00e3o pode parecer profundamente emp\u00e1tico, mas n\u00e3o resolve [&#8230;] e \u00e9 politicamente irrespons\u00e1vel&#8221;, corroborou, pela IL, Joana Cordeiro, numa posi\u00e7\u00e3o secundada pelo parlamentar do CDS-PP Jo\u00e3o Almeida.&#13;\n<\/p>\n<p>&#13;<br \/>\nO PS defendeu, atrav\u00e9s da deputada Irene Costa, que &#8220;olhar apenas para o momento de reforma seria tratar apenas parte do problema&#8221;, acrescentando que os socialistas encaram a mat\u00e9ria &#8220;n\u00e3o com respostas f\u00e1ceis, mas com pol\u00edticas que permitam aos m\u00e9dicos&#8221; ter carreiras longas e equilibradas.&#13;\n<\/p>\n<p>&#13;<br \/>\nO Chega, que votou a favor de todos os diplomas, contrap\u00f4s, atrav\u00e9s da deputada Cristina Vieira, que o debate que hoje ocorreu era moral e n\u00e3o t\u00e9cnico e real\u00e7ou que &#8220;um Governo que precisa de m\u00e9dicos exaustos para manter o SNS [Servi\u00e7o Nacional de Sa\u00fade] a funcionar n\u00e3o governa, explora&#8221;.&#13;\n<\/p>\n<p>&#13;<br \/>\nO Livre e o PCP votaram a favor de alguns dos diplomas e abstiveram-se noutros, com ambos a defenderem, respetivamente atrav\u00e9s dos deputados Paulo Muacho e Paula Santos, que o reconhecimento da profiss\u00e3o de m\u00e9dico como de desgaste m\u00e9dico se deve inserir numa evolu\u00e7\u00e3o e valoriza\u00e7\u00e3o das carreiras dos profissionais do SNS.&#13;\n<\/p>\n<p>&#13;<br \/>\nA deputada \u00fanica do BE, Mariana Mort\u00e1gua, defendeu igualmente a cria\u00e7\u00e3o de &#8220;um estatuto espec\u00edfico para profissionais de sa\u00fade&#8221; e n\u00e3o s\u00f3 para m\u00e9dicos, enquanto o deputado \u00fanico do JPP, Filipe Sousa, insistiu que &#8220;quem cuida do SNS tamb\u00e9m precisa de ser cuidado pelo Estado&#8221;, tendo ambos votado favoravelmente os oito projetos.&#13;\n<\/p>\n<p>&#13;<br \/>\nO baston\u00e1rio da Ordem dos M\u00e9dicos, Carlos Cortes, assistiu nas galerias do parlamento ao debate em plen\u00e1rio.&#13;\n<\/p>\n<p>&#13;<br \/>\nNa quinta-feira, a associa\u00e7\u00e3o profissional tinha considerado, em comunicado, fundamental a aprova\u00e7\u00e3o pela Assembleia da Rep\u00fablica do reconhecimento da profiss\u00e3o como atividade de risco e desgaste r\u00e1pido.&#13;\n<\/p>\n<p>&#13;<br \/>\n&#8220;Ser m\u00e9dico \u00e9 estar todos os dias exposto a situa\u00e7\u00f5es de enorme responsabilidade, em que cada decis\u00e3o pode ter impacto direto na vida de um ser humano&#8221;, alegou, citado na nota, o baston\u00e1rio.&#13;<\/p>\n","protected":false},"excerpt":{"rendered":"&#13; Em vota\u00e7\u00e3o na generalidade estiveram quatro projetos de lei de Chega, PAN e BE e tr\u00eas projetos&hellip;\n","protected":false},"author":2,"featured_media":195523,"comment_status":"","ping_status":"","sticky":false,"template":"","format":"standard","meta":{"footnotes":""},"categories":[8],"tags":[27,28,28747,15,16,14,14041,25,26,21,22,12,13,19,20,32,23,24,33,17,18,29,30,31],"class_list":{"0":"post-195522","1":"post","2":"type-post","3":"status-publish","4":"format-standard","5":"has-post-thumbnail","7":"category-principais-noticias","8":"tag-breaking-news","9":"tag-breakingnews","10":"tag-cristina","11":"tag-featured-news","12":"tag-featurednews","13":"tag-headlines","14":"tag-irene","15":"tag-latest-news","16":"tag-latestnews","17":"tag-main-news","18":"tag-mainnews","19":"tag-news","20":"tag-noticias","21":"tag-noticias-principais","22":"tag-noticiasprincipais","23":"tag-portugal","24":"tag-principais-noticias","25":"tag-principaisnoticias","26":"tag-pt","27":"tag-top-stories","28":"tag-topstories","29":"tag-ultimas","30":"tag-ultimas-noticias","31":"tag-ultimasnoticias"},"share_on_mastodon":{"url":"https:\/\/pubeurope.com\/@pt\/115749354388001459","error":""},"_links":{"self":[{"href":"https:\/\/www.europesays.com\/pt\/wp-json\/wp\/v2\/posts\/195522","targetHints":{"allow":["GET"]}}],"collection":[{"href":"https:\/\/www.europesays.com\/pt\/wp-json\/wp\/v2\/posts"}],"about":[{"href":"https:\/\/www.europesays.com\/pt\/wp-json\/wp\/v2\/types\/post"}],"author":[{"embeddable":true,"href":"https:\/\/www.europesays.com\/pt\/wp-json\/wp\/v2\/users\/2"}],"replies":[{"embeddable":true,"href":"https:\/\/www.europesays.com\/pt\/wp-json\/wp\/v2\/comments?post=195522"}],"version-history":[{"count":0,"href":"https:\/\/www.europesays.com\/pt\/wp-json\/wp\/v2\/posts\/195522\/revisions"}],"wp:featuredmedia":[{"embeddable":true,"href":"https:\/\/www.europesays.com\/pt\/wp-json\/wp\/v2\/media\/195523"}],"wp:attachment":[{"href":"https:\/\/www.europesays.com\/pt\/wp-json\/wp\/v2\/media?parent=195522"}],"wp:term":[{"taxonomy":"category","embeddable":true,"href":"https:\/\/www.europesays.com\/pt\/wp-json\/wp\/v2\/categories?post=195522"},{"taxonomy":"post_tag","embeddable":true,"href":"https:\/\/www.europesays.com\/pt\/wp-json\/wp\/v2\/tags?post=195522"}],"curies":[{"name":"wp","href":"https:\/\/api.w.org\/{rel}","templated":true}]}}