{"id":195526,"date":"2025-12-20T01:43:09","date_gmt":"2025-12-20T01:43:09","guid":{"rendered":"https:\/\/www.europesays.com\/pt\/195526\/"},"modified":"2025-12-20T01:43:09","modified_gmt":"2025-12-20T01:43:09","slug":"natal-clube-de-criacao","status":"publish","type":"post","link":"https:\/\/www.europesays.com\/pt\/195526\/","title":{"rendered":"Natal &#8211; Clube de Cria\u00e7\u00e3o"},"content":{"rendered":"<p>Propeg cria filme para Neonergia<\/p>\n<p>\n\t\t\t\t19\/12\/2025\n\t\t\t<\/p>\n<p>\t\t\t\t<img loading=\"lazy\" decoding=\"async\" src=\"https:\/\/clubedecriacao.com.br\/wp-content\/themes\/clube-criacao-1.0\/images\/icon-time.svg\" alt=\"\u00cdcone\" width=\"20\" height=\"20\"\/><br \/>\n\t\t\t\t2 min.<\/p>\n<p>\t\t\tCompartilhe essa not\u00edcia:<br \/>\n\t\t\t<a href=\"#\" class=\"btn-copiar\"><br \/>\n\t\t\t\tCopiar link<br \/>\n\t\t\t\t<img loading=\"lazy\" decoding=\"async\" src=\"https:\/\/clubedecriacao.com.br\/wp-content\/themes\/clube-criacao-1.0\/images\/icon-link.svg\" alt=\"\u00cdcone\" width=\"20\" height=\"20\"\/><br \/>\n\t\t\t<\/a><\/p>\n<p style=\"font-weight: 400;\">Estreia nesta <strong>sexta-feira (19) <\/strong>nas\u00a0plataformas digitais filme de <strong>Natal<\/strong> criado pela<strong> Propeg<\/strong> para <strong>Neoenergia.<\/strong><\/p>\n<p style=\"font-weight: 400;\">\u201c<strong>Enfeites de Natal<\/strong>\u201d, produzido com ajuda da <strong>intelig\u00eancia artificial,<\/strong> \u00e9 leve, ao mesmo tempo que manda a mensagem a que se destina.<\/p>\n<p style=\"font-weight: 400;\">\u201cO Natal \u00e9 a data comemorativa mais popular do Brasil. Queremos refor\u00e7ar a conex\u00e3o da marca Neoenergia com as pessoas, mostrando que a empresa est\u00e1 presente em todas as ocasi\u00f5es. Por isso, nada melhor do que falar com criatividade e leveza sobre a relev\u00e2ncia da energia na vida de todos\u201d, comenta <strong>Lorenzo Perales, <\/strong>diretor de marketing da empresa.<\/p>\n<p style=\"font-weight: 400;\">O filme integra a campanha \u201c<strong>Mais por voc\u00ea\u201d<\/strong> lan\u00e7ada este ano.<\/p>\n<p style=\"font-weight: 400;\"><strong>Ficha T\u00e9cnica<br \/><\/strong><br \/>Filme: \u201cEnfeites de Natal\u201d<\/p>\n<p style=\"font-weight: 400;\">Cliente: Neoenergia<\/p>\n<p style=\"font-weight: 400;\">Aprova\u00e7\u00e3o: Lorenzo Perales, Diretor de Marketing da Neoenergia<\/p>\n<p style=\"font-weight: 400;\">Ag\u00eancia: Propeg<br \/>CEO: V\u00edtor Barros<br \/>Consultoria Criativa: Fabio Fernandes<br \/>CCO: Hermes Zambini<br \/>ECD: Jo\u00e3o Caetano Brasil<br \/>Head of Art: Andr\u00e9 Batista<br \/>Diretores de Cria\u00e7\u00e3o: Ariston Quadros, Luciana Elaiuy, Rodrigo Cardoso<br \/>Cria\u00e7\u00e3o: Luciana Elaiuy, Rodrigo Cardoso<br \/>Atendimento: Michele Estevez e Ana Ramos<br \/>Planejamento: Fernand Alphen e Babi Ferreira<br \/>M\u00eddia: Felipe Arruda<br \/>Produ\u00e7\u00e3o: Manuela Peixoto, Rose Zanetti, Lilian Garrido,<br \/>Produtora: Rebolucion BR<br \/>Diretor: Cassu<br \/>Produ\u00e7\u00e3o Executiva: Ciro C\u00e9sar<br \/>Head Line Producer: Alexandre Mancen<br \/>Head of Sales: Fabi Gimenez<br \/>Producer Senior: Mariana Khuri<br \/>Producer Junior: L\u00facio Sulzbach<br \/>Coordena\u00e7\u00e3o de produ\u00e7\u00e3o: Erika Andrade e Sarah de Moura<br \/>Assistente de \u00a0Produ\u00e7\u00e3o Rebolucion: Erika Castro<br \/>Dire\u00e7\u00e3o de Arte: Cassu<br \/>Stylist: Cassu<br \/>Coordena\u00e7\u00e3o de P\u00f3s: Fernando de Souza<br \/>Finalizador: Rebolucion BR<br \/>Montagem: Cassu<br \/>Colorista: Fernando de Souza<br \/>AI Artist: Cassu<br \/>Produtora de \u00c1udio: Antfood Music &amp; Sound Design<br \/>Dire\u00e7\u00e3o Criativa: \u00a0Lou Schmidt, Fernando Rojo e Tiago Mago<br \/>Produ\u00e7\u00e3o Executiva: \u00a0Renato Castro e Christiane Rachel<br \/>Produ\u00e7\u00e3o Musical: \u00a0Lou Schmidt, Fernando Rojo, Tiago Mago, Luis Bergmann, Vinicius Nunes e Lucas Baldin<br \/>Coordena\u00e7\u00e3o de produ\u00e7\u00e3o: Monique Munhoz e Pablo Mello<br \/>Finaliza\u00e7\u00e3o: Bruno Broaska, Fabian Jorge e Pedro Macedo<\/p>\n","protected":false},"excerpt":{"rendered":"Propeg cria filme para Neonergia 19\/12\/2025 2 min. Compartilhe essa not\u00edcia: Copiar link Estreia nesta sexta-feira (19) nas\u00a0plataformas&hellip;\n","protected":false},"author":2,"featured_media":195527,"comment_status":"","ping_status":"","sticky":false,"template":"","format":"standard","meta":{"footnotes":""},"categories":[144],"tags":[207,205,206,203,201,202,204,114,115,32,33],"class_list":{"0":"post-195526","1":"post","2":"type-post","3":"status-publish","4":"format-standard","5":"has-post-thumbnail","7":"category-arte-e-design","8":"tag-arte","9":"tag-arte-e-design","10":"tag-artedesign","11":"tag-arts","12":"tag-arts-and-design","13":"tag-artsanddesign","14":"tag-design","15":"tag-entertainment","16":"tag-entretenimento","17":"tag-portugal","18":"tag-pt"},"share_on_mastodon":{"url":"https:\/\/pubeurope.com\/@pt\/115749362789958146","error":""},"_links":{"self":[{"href":"https:\/\/www.europesays.com\/pt\/wp-json\/wp\/v2\/posts\/195526","targetHints":{"allow":["GET"]}}],"collection":[{"href":"https:\/\/www.europesays.com\/pt\/wp-json\/wp\/v2\/posts"}],"about":[{"href":"https:\/\/www.europesays.com\/pt\/wp-json\/wp\/v2\/types\/post"}],"author":[{"embeddable":true,"href":"https:\/\/www.europesays.com\/pt\/wp-json\/wp\/v2\/users\/2"}],"replies":[{"embeddable":true,"href":"https:\/\/www.europesays.com\/pt\/wp-json\/wp\/v2\/comments?post=195526"}],"version-history":[{"count":0,"href":"https:\/\/www.europesays.com\/pt\/wp-json\/wp\/v2\/posts\/195526\/revisions"}],"wp:featuredmedia":[{"embeddable":true,"href":"https:\/\/www.europesays.com\/pt\/wp-json\/wp\/v2\/media\/195527"}],"wp:attachment":[{"href":"https:\/\/www.europesays.com\/pt\/wp-json\/wp\/v2\/media?parent=195526"}],"wp:term":[{"taxonomy":"category","embeddable":true,"href":"https:\/\/www.europesays.com\/pt\/wp-json\/wp\/v2\/categories?post=195526"},{"taxonomy":"post_tag","embeddable":true,"href":"https:\/\/www.europesays.com\/pt\/wp-json\/wp\/v2\/tags?post=195526"}],"curies":[{"name":"wp","href":"https:\/\/api.w.org\/{rel}","templated":true}]}}