{"id":195531,"date":"2025-12-20T01:48:08","date_gmt":"2025-12-20T01:48:08","guid":{"rendered":"https:\/\/www.europesays.com\/pt\/195531\/"},"modified":"2025-12-20T01:48:08","modified_gmt":"2025-12-20T01:48:08","slug":"fc-porto-quer-dizer-nos-que-ha-um-lobby-na-arbitragem-nacional-maisfutebol","status":"publish","type":"post","link":"https:\/\/www.europesays.com\/pt\/195531\/","title":{"rendered":"\u00abFC Porto quer dizer-nos que h\u00e1 um lobby na arbitragem nacional\u00bb &#8211; Maisfutebol"},"content":{"rendered":"<ol>\n<li><a href=\"https:\/\/news.google.com\/rss\/articles\/CBMivgFBVV95cUxOQWRDRWtTcTF6SFlnY3JWblFnU2xuTjJYZnpUZnNPNjZDQzlvSHBEcHpBNFNMejRlal9zNlF3M2VZVEFyc1JiNWY4eFJnOTNzSGR2elYwdV81dl9PNThFUGl1dklMb0dXTnkxMlZ1dUpmSjZQQ2s3bHBTNHBhVTgyTHUtR3R5TTV3RDc0TzRYd0VuVXA3ZXp3LXZBaG9zYkl5OGNndUFpX1dvNGJ5YW1tZkpZZFNIeTNDLXBiWnNR?oc=5\" target=\"_blank\" rel=\"nofollow noopener\">\u00abFC Porto quer dizer-nos que h\u00e1 um lobby na arbitragem nacional\u00bb<\/a>&nbsp;&nbsp;Maisfutebol<\/li>\n<li><a href=\"https:\/\/news.google.com\/rss\/articles\/CBMivgFBVV95cUxQSjUzU3pma1RySUJETTYwdGZRRHhLVnd2N3NZWkwweTF2N1g2aDJBYm52bzBBMkpPQll0WVJkbWxnc2Z3SXlrTjBtTmM0N2ZDaXd3UHNFTnVCTG5jT2RYWXJWVzdNeE9OZ0VRQ2ZXeDZHVUJaUXlVdmhfbGIwNWRXdkFXcDJEMVRadDFzNDVQUXNtWU81ajVsVUxHV3lScFdieFhoVWtFUm1rMnFsRHJ1aTlCXzVEN3B2NnQwc0ZB?oc=5\" target=\"_blank\" rel=\"nofollow noopener\">FC Porto dispara contra a arbitragem e exige \u00abmedidas urgentes\u00bb a Proen\u00e7a<\/a>&nbsp;&nbsp;A Bola<\/li>\n<li><a href=\"https:\/\/news.google.com\/rss\/articles\/CBMiqwFBVV95cUxNRHpTVWM4cU0zM0NDRm1mMERHR2twY0tXS1pnMldIU1g4dnFfb0Z2MWEtWlU1YThfVEpxV0FwNU1aUWFXblNxNVd3OVF1dmx5MS10cWFxZlhYOTF1WGtVMUstQXVrd1hubWpxS3F3R0paMEt5djBhWVV5MU9WVXF3am1aek1vX1lwZG5GdDBjZHBDSURTNnlydFEzbFVCd1QyVHlhbXJQTnJJSmM?oc=5\" target=\"_blank\" rel=\"nofollow noopener\">FC Porto v\u00ea na arbitragem maior respons\u00e1vel pela instabilidade no futebol portugu\u00eas<\/a>&nbsp;&nbsp;Di\u00e1rio de Not\u00edcias<\/li>\n<li><a href=\"https:\/\/news.google.com\/rss\/articles\/CBMiogFBVV95cUxPMFFRVlNwTnlhbGpYbnVZMlpkcjd0RXZSaEVhT3pDWHRiSWh1Ulk5bUJoYkJxclpjNXE3alFQMDEtYnIwTjMtN0ttd0dBNko3d0FVNHc5NzlNdzVNcXlSVlBLMEp3dm5pZ2liempodXp0bHFlTUVMTWd2cEFIbGNRUkFMeUxDaHdKTm5NblBRYU8zVEJSSG5iN0ZJd0VXa3FvZmc?oc=5\" target=\"_blank\" rel=\"nofollow noopener\">\u00c9 tudo uma quest\u00e3o de \u00e9tica e valores<\/a>&nbsp;&nbsp;Record<\/li>\n<li><a href=\"https:\/\/news.google.com\/rss\/articles\/CBMiwwFBVV95cUxQUXVkZWpMa2ZuUWRUNGkwemozVUpMY0hxZkp2bEZKNWhyazV6dXRJUFg0cDdqTldfOW1uZUV5YmhLQjFMME1CSW53b2RNZEF6aFJCMkJVWFI0Y2xjMTBTZWRsbmJEemluX3p0TWkyVFpZQnhMeUM3X0JoWEwwSjlZT2hiNk1OLUVXYmZ4cHNHX3k4dXVQVkVYY1FwYjVKblpHNnJaUXFhNGZNZkJBek5STEJGZDRpM041VEZDeEVWZWNrRWs?oc=5\" target=\"_blank\" rel=\"nofollow noopener\">\u00abAssocia\u00e7\u00e3o de \u00c1rbitros s\u00f3 serve para acusar, algu\u00e9m deve dar a cara\u00bb<\/a>&nbsp;&nbsp;CNN Portugal<\/li>\n<\/ol>\n","protected":false},"excerpt":{"rendered":"\u00abFC Porto quer dizer-nos que h\u00e1 um lobby na arbitragem nacional\u00bb&nbsp;&nbsp;Maisfutebol FC Porto dispara contra a arbitragem e&hellip;\n","protected":false},"author":2,"featured_media":195532,"comment_status":"","ping_status":"","sticky":false,"template":"","format":"standard","meta":{"footnotes":""},"categories":[87],"tags":[3266,135,282,285,46,462,32,33,47,34,134],"class_list":{"0":"post-195531","1":"post","2":"type-post","3":"status-publish","4":"format-standard","5":"has-post-thumbnail","7":"category-desporto","8":"tag-arbitragem","9":"tag-desporto","10":"tag-fc-porto","11":"tag-fpf","12":"tag-maisfutebol","13":"tag-porto","14":"tag-portugal","15":"tag-pt","16":"tag-pura-paixao","17":"tag-sporting","18":"tag-sports"},"share_on_mastodon":{"url":"https:\/\/pubeurope.com\/@pt\/115749382279914592","error":""},"_links":{"self":[{"href":"https:\/\/www.europesays.com\/pt\/wp-json\/wp\/v2\/posts\/195531","targetHints":{"allow":["GET"]}}],"collection":[{"href":"https:\/\/www.europesays.com\/pt\/wp-json\/wp\/v2\/posts"}],"about":[{"href":"https:\/\/www.europesays.com\/pt\/wp-json\/wp\/v2\/types\/post"}],"author":[{"embeddable":true,"href":"https:\/\/www.europesays.com\/pt\/wp-json\/wp\/v2\/users\/2"}],"replies":[{"embeddable":true,"href":"https:\/\/www.europesays.com\/pt\/wp-json\/wp\/v2\/comments?post=195531"}],"version-history":[{"count":0,"href":"https:\/\/www.europesays.com\/pt\/wp-json\/wp\/v2\/posts\/195531\/revisions"}],"wp:featuredmedia":[{"embeddable":true,"href":"https:\/\/www.europesays.com\/pt\/wp-json\/wp\/v2\/media\/195532"}],"wp:attachment":[{"href":"https:\/\/www.europesays.com\/pt\/wp-json\/wp\/v2\/media?parent=195531"}],"wp:term":[{"taxonomy":"category","embeddable":true,"href":"https:\/\/www.europesays.com\/pt\/wp-json\/wp\/v2\/categories?post=195531"},{"taxonomy":"post_tag","embeddable":true,"href":"https:\/\/www.europesays.com\/pt\/wp-json\/wp\/v2\/tags?post=195531"}],"curies":[{"name":"wp","href":"https:\/\/api.w.org\/{rel}","templated":true}]}}