{"id":195578,"date":"2025-12-20T02:37:13","date_gmt":"2025-12-20T02:37:13","guid":{"rendered":"https:\/\/www.europesays.com\/pt\/195578\/"},"modified":"2025-12-20T02:37:13","modified_gmt":"2025-12-20T02:37:13","slug":"ucrania-anuncia-ataque-inedito-contra-a-frota-fantasma-da-russia","status":"publish","type":"post","link":"https:\/\/www.europesays.com\/pt\/195578\/","title":{"rendered":"Ucr\u00e2nia anuncia ataque in\u00e9dito contra a frota fantasma da R\u00fassia"},"content":{"rendered":"<p>\t                Kiev garante que o Qendil, que arvora a bandeira de Om\u00e3, \u201csofreu danos cr\u00edticos\u201d no ataque e \u201cn\u00e3o pode ser usado para o fim a que se destina\u201d<\/p>\n<p style=\"margin-bottom:11px\">A Ucr\u00e2nia afirmou esta sexta-feira ter atacado um petroleiro da frota fantasma da R\u00fassia no Mar Mediterr\u00e2neo, a cerca de 2000 quil\u00f3metros do seu territ\u00f3rio.<\/p>\n<p>A informa\u00e7\u00e3o foi avan\u00e7ada por uma fonte do Servi\u00e7o de Seguran\u00e7a da Ucr\u00e2nia (SBU) \u00e0 CNN.<\/p>\n<p>Imagens obtidas pela CNN (no v\u00eddeo de capa) mostram um drone a atingir o petroleiro Qendil, seguido de v\u00e1rias explos\u00f5es. O navio pareceu continuar a navegar ap\u00f3s os ataques.<\/p>\n<p>A fonte ucraniana garante que o navio, que arvora a bandeira de Om\u00e3, \u201csofreu danos cr\u00edticos\u201d no ataque e \u201cn\u00e3o pode ser usado para o fim a que se destina\u201d.<\/p>\n<p>\u201cNo momento da opera\u00e7\u00e3o especial, o navio russo n\u00e3o transportava nenhuma carga e estava vazio\u201d, acrescentou a fonte. \u201cPortanto, esse ataque n\u00e3o representou nenhuma amea\u00e7a \u00e0 situa\u00e7\u00e3o ecol\u00f3gica da regi\u00e3o.\u201d<\/p>\n<p><a href=\"https:\/\/www.marinetraffic.com\/en\/ais\/details\/ships\/shipid:753681#overview\" target=\"_blank\" rel=\"nofollow noopener\">De acordo com o site Marine Traffic<\/a>, o Qendil estava a navegar em dire\u00e7\u00e3o ao porto russo de Ust Luga, no B\u00e1ltico, estando neste momento ao largo da ilha grega de Creta.<\/p>\n<p>&#8220;A Federa\u00e7\u00e3o Russa utilizou este petroleiro para contornar as san\u00e7\u00f5es e ganhar dinheiro que foi canalizado para a guerra contra a Ucr\u00e2nia; portanto, do ponto de vista do direito internacional e das leis e costumes da guerra, este \u00e9 um alvo absolutamente leg\u00edtimo para o SBU\u201d, diz a fonte. &#8220;O ataque em \u00e1guas internacionais demonstra que a Ucr\u00e2nia ir\u00e1 perseguir os ativos russos onde quer que eles operem e n\u00e3o permitir\u00e1 que os navios que apoiam os esfor\u00e7os de guerra de Moscovo ajam com impunidade&#8221;.<\/p>\n<p>Este ataque em espec\u00edfico ainda n\u00e3o foi comentado pelo Kremlin, mas o presidente Vladimir Putin j\u00e1 garantiu que a R\u00fassia vai \u201cdefinitivamente responder\u201d aos ataques ucranianos contra petroleiros russos. O l\u00edder russo diz que os ataques t\u00eam como objetivo fazer subir os pre\u00e7os dos seguros, algo que \u201cn\u00e3o vai resultar\u201d.<\/p>\n<p>&#8220;Tal n\u00e3o vai levar ao resultado esperado, no final, n\u00e3o vai interromper nenhum abastecimento, mas apenas criar uma amea\u00e7a adicional. Uma resposta da nossa parte ir\u00e1 chegar\u201d, disse Putin, <a href=\"https:\/\/www.aa.com.tr\/en\/world\/putin-says-attack-on-oil-tankers-aimed-at-raising-insurance-hindering-oil-deliveries\/3775809#\" target=\"_blank\" rel=\"nofollow noopener\">citado pela Anadolu<\/a>, esta sexta-feira, durante a confer\u00eancia de imprensa especial de final de ano em Moscovo.<\/p>\n<p>A R\u00fassia construiu esta chamada frota fantasma desde a sua invas\u00e3o da Ucr\u00e2nia em 2022. Estas embarca\u00e7\u00f5es transportam petr\u00f3leo russo dos portos do B\u00e1ltico e do Mar Negro, apesar das san\u00e7\u00f5es ocidentais, rendendo ao Kremlin centenas de milh\u00f5es de euros todos os anos.<\/p>\n<p>Recentemente, pessoal russo com liga\u00e7\u00f5es aos servi\u00e7os militares e de seguran\u00e7a do pa\u00eds tem-se envolvido em espionagem em \u00e1guas europeias enquanto trabalha secretamente nestes navios que transportam petr\u00f3leo russo, revelaram fontes dos servi\u00e7os secretos ocidentais e ucranianos em exclusivo \u00e0 CNN.<\/p>\n","protected":false},"excerpt":{"rendered":"Kiev garante que o Qendil, que arvora a bandeira de Om\u00e3, \u201csofreu danos cr\u00edticos\u201d no ataque e \u201cn\u00e3o&hellip;\n","protected":false},"author":2,"featured_media":195579,"comment_status":"","ping_status":"","sticky":false,"template":"","format":"standard","meta":{"footnotes":""},"categories":[50],"tags":[609,836,611,27,28,607,608,333,832,604,135,610,476,15,16,37723,301,830,889,14,603,25,26,570,21,22,831,39099,833,62,834,12,13,19,20,835,602,23521,52,32,23,24,3813,39098,839,17,18,840,29,30,31,2415,63,64,65],"class_list":{"0":"post-195578","1":"post","2":"type-post","3":"status-publish","4":"format-standard","5":"has-post-thumbnail","7":"category-mundo","8":"tag-alerta","9":"tag-analise","10":"tag-ao-minuto","11":"tag-breaking-news","12":"tag-breakingnews","13":"tag-cnn","14":"tag-cnn-portugal","15":"tag-comentadores","16":"tag-costa","17":"tag-crime","18":"tag-desporto","19":"tag-direto","20":"tag-economia","21":"tag-featured-news","22":"tag-featurednews","23":"tag-frota-fantasma","24":"tag-governo","25":"tag-guerra","26":"tag-guerra-na-ucrania","27":"tag-headlines","28":"tag-justica","29":"tag-latest-news","30":"tag-latestnews","31":"tag-live","32":"tag-main-news","33":"tag-mainnews","34":"tag-mais-vistas","35":"tag-mar-mediterraneo","36":"tag-marcelo","37":"tag-mundo","38":"tag-negocios","39":"tag-news","40":"tag-noticias","41":"tag-noticias-principais","42":"tag-noticiasprincipais","43":"tag-opiniao","44":"tag-pais","45":"tag-petroleiro","46":"tag-politica","47":"tag-portugal","48":"tag-principais-noticias","49":"tag-principaisnoticias","50":"tag-putin","51":"tag-qendil","52":"tag-russia","53":"tag-top-stories","54":"tag-topstories","55":"tag-ucrania","56":"tag-ultimas","57":"tag-ultimas-noticias","58":"tag-ultimasnoticias","59":"tag-vladimir-putin","60":"tag-world","61":"tag-world-news","62":"tag-worldnews"},"share_on_mastodon":{"url":"","error":"Validation failed: Text character limit of 500 exceeded"},"_links":{"self":[{"href":"https:\/\/www.europesays.com\/pt\/wp-json\/wp\/v2\/posts\/195578","targetHints":{"allow":["GET"]}}],"collection":[{"href":"https:\/\/www.europesays.com\/pt\/wp-json\/wp\/v2\/posts"}],"about":[{"href":"https:\/\/www.europesays.com\/pt\/wp-json\/wp\/v2\/types\/post"}],"author":[{"embeddable":true,"href":"https:\/\/www.europesays.com\/pt\/wp-json\/wp\/v2\/users\/2"}],"replies":[{"embeddable":true,"href":"https:\/\/www.europesays.com\/pt\/wp-json\/wp\/v2\/comments?post=195578"}],"version-history":[{"count":0,"href":"https:\/\/www.europesays.com\/pt\/wp-json\/wp\/v2\/posts\/195578\/revisions"}],"wp:featuredmedia":[{"embeddable":true,"href":"https:\/\/www.europesays.com\/pt\/wp-json\/wp\/v2\/media\/195579"}],"wp:attachment":[{"href":"https:\/\/www.europesays.com\/pt\/wp-json\/wp\/v2\/media?parent=195578"}],"wp:term":[{"taxonomy":"category","embeddable":true,"href":"https:\/\/www.europesays.com\/pt\/wp-json\/wp\/v2\/categories?post=195578"},{"taxonomy":"post_tag","embeddable":true,"href":"https:\/\/www.europesays.com\/pt\/wp-json\/wp\/v2\/tags?post=195578"}],"curies":[{"name":"wp","href":"https:\/\/api.w.org\/{rel}","templated":true}]}}