{"id":195594,"date":"2025-12-20T02:52:07","date_gmt":"2025-12-20T02:52:07","guid":{"rendered":"https:\/\/www.europesays.com\/pt\/195594\/"},"modified":"2025-12-20T02:52:07","modified_gmt":"2025-12-20T02:52:07","slug":"e-o-senhor-vladimir-vladimirovitch-esta-apaixonado-sim-admite-putin-em-direto-na-tv-russa","status":"publish","type":"post","link":"https:\/\/www.europesays.com\/pt\/195594\/","title":{"rendered":"E o senhor, Vladimir Vladimirovitch, est\u00e1 apaixonado? &#8220;Sim&#8221;, admite Putin em direto na TV russa"},"content":{"rendered":"<p>Depois de mais de quatro horas de respostas sobre economia, guerra, pre\u00e7os da energia e at\u00e9 a qualidade da \u00e1gua da torneira, Vladimir Putin deixou escapar um simples &#8220;sim&#8221; que foi a mais inesperada das respostas na sua tradicional maratona televisiva anual conhecida como \u201cLinha Direta\u201d, um evento h\u00edbrido que junta perguntas de cidad\u00e3os comuns e de jornalistas, transmitido em direto pela televis\u00e3o estatal. Questionado diretamente sobre a sua vida sentimental, o presidente russo confirmou estar &#8220;apaixonado&#8221;.<\/p>\n<p>Sentado sob um enorme mapa da R\u00fassia que inclu\u00eda territ\u00f3rios ucranianos ocupados, Putin parecia confort\u00e1vel no gui\u00e3o habitual. At\u00e9 que surgiu a pergunta aparentemente inesperada. <strong>Regina Orekhova, jornalista da esta\u00e7\u00e3o 360, pegou numa resposta anterior do presidente russo, em que este dissera acreditar no amor \u00e0 primeira vista, e avan\u00e7ou sem rodeios: \u201cE o senhor, Vladimir Vladimirovitch, est\u00e1 apaixonado?<\/strong>\u201d O l\u00edder do Kremlin, hoje com 73 anos, n\u00e3o evitou completamente o tema. Respondeu um seco \u201csim\u201d e seguiu para o ponto seguinte, sem mais explica\u00e7\u00f5es sobre quem lhe ocupa o cora\u00e7\u00e3o.<\/p>\n<p>N\u00e3o \u00e9 a primeira vez que Putin faz uma admiss\u00e3o deste g\u00e9nero. Em 2014, um ano depois de anunciar o div\u00f3rcio de Lyudmila Putina, com quem esteve casado desde 1983, j\u00e1 tinha dito publicamente estar apaixonado. Ainda assim, a sua vida privada continua a ser um dos maiores tabus do poder russo. \u201c\u00c0 imagem dos dirigentes sovi\u00e9ticos, Putin esconde a sua vida pessoal\u201d, explicava em 2024 Lukas Aubin, investigador do Iris e especialista em R\u00fassia, <a aria-label=\"content\" target=\"_blank\" href=\"https:\/\/www.leparisien.fr\/international\/etes-vous-amoureux-vladimir-poutine-repond-au-sujet-des-speculations-sur-sa-vie-privee-19-12-2025-IKQL7WUZFFFL5EVDOAWDOIBT7Y.php?at_variant=photo&amp;at_creation=Le%20Parisien&amp;at_campaign=Partage%20Twitter%20CM&amp;at_medium=Social%20media\" rel=\"nofollow noopener\">ao jornal Le Parisien.<\/a><\/p>\n<p><strong>Oficialmente, Putin \u00e9 pai de duas filhas, Mariya e Ekaterina, atualmente com cerca de 40 anos<\/strong>, fruto do casamento terminado em 2013. Extraoficialmente, multiplicam-se h\u00e1 anos os rumores sobre outras rela\u00e7\u00f5es e filhos n\u00e3o reconhecidos. <\/p>\n<p>Quando se fala da mulher que ocupar\u00e1 o cora\u00e7\u00e3o de Putin, <strong>o nome que surge com mais insist\u00eancia \u00e9 o de Alina Kabaeva. Antiga ginasta ol\u00edmpica, campe\u00e3 em Atenas em 2004<\/strong>, Kabaeva ter\u00e1 mantido uma rela\u00e7\u00e3o discreta com o presidente russo ao longo de mais de 15 anos. Segundo algumas investiga\u00e7\u00f5es jornal\u00edsticas internacionais, ter\u00e1 dividido a vida entre a R\u00fassia, a Su\u00ed\u00e7a e It\u00e1lia, passando por chal\u00e9s alpinos, um iate de luxo e resid\u00eancias em Sochi. Ter\u00e1 tido pelo menos dois filhos com Putin, em 2015 e 2019, alegadamente nascidos na Su\u00ed\u00e7a. O Kremlin nunca confirmou.<\/p>\n","protected":false},"excerpt":{"rendered":"Depois de mais de quatro horas de respostas sobre economia, guerra, pre\u00e7os da energia e at\u00e9 a qualidade&hellip;\n","protected":false},"author":2,"featured_media":195595,"comment_status":"","ping_status":"","sticky":false,"template":"","format":"standard","meta":{"footnotes":""},"categories":[50],"tags":[27,28,15,16,14,25,26,21,22,62,12,13,19,20,23,24,3813,839,17,18,29,30,31,63,64,65],"class_list":{"0":"post-195594","1":"post","2":"type-post","3":"status-publish","4":"format-standard","5":"has-post-thumbnail","7":"category-mundo","8":"tag-breaking-news","9":"tag-breakingnews","10":"tag-featured-news","11":"tag-featurednews","12":"tag-headlines","13":"tag-latest-news","14":"tag-latestnews","15":"tag-main-news","16":"tag-mainnews","17":"tag-mundo","18":"tag-news","19":"tag-noticias","20":"tag-noticias-principais","21":"tag-noticiasprincipais","22":"tag-principais-noticias","23":"tag-principaisnoticias","24":"tag-putin","25":"tag-russia","26":"tag-top-stories","27":"tag-topstories","28":"tag-ultimas","29":"tag-ultimas-noticias","30":"tag-ultimasnoticias","31":"tag-world","32":"tag-world-news","33":"tag-worldnews"},"share_on_mastodon":{"url":"https:\/\/pubeurope.com\/@pt\/115749633622815712","error":""},"_links":{"self":[{"href":"https:\/\/www.europesays.com\/pt\/wp-json\/wp\/v2\/posts\/195594","targetHints":{"allow":["GET"]}}],"collection":[{"href":"https:\/\/www.europesays.com\/pt\/wp-json\/wp\/v2\/posts"}],"about":[{"href":"https:\/\/www.europesays.com\/pt\/wp-json\/wp\/v2\/types\/post"}],"author":[{"embeddable":true,"href":"https:\/\/www.europesays.com\/pt\/wp-json\/wp\/v2\/users\/2"}],"replies":[{"embeddable":true,"href":"https:\/\/www.europesays.com\/pt\/wp-json\/wp\/v2\/comments?post=195594"}],"version-history":[{"count":0,"href":"https:\/\/www.europesays.com\/pt\/wp-json\/wp\/v2\/posts\/195594\/revisions"}],"wp:featuredmedia":[{"embeddable":true,"href":"https:\/\/www.europesays.com\/pt\/wp-json\/wp\/v2\/media\/195595"}],"wp:attachment":[{"href":"https:\/\/www.europesays.com\/pt\/wp-json\/wp\/v2\/media?parent=195594"}],"wp:term":[{"taxonomy":"category","embeddable":true,"href":"https:\/\/www.europesays.com\/pt\/wp-json\/wp\/v2\/categories?post=195594"},{"taxonomy":"post_tag","embeddable":true,"href":"https:\/\/www.europesays.com\/pt\/wp-json\/wp\/v2\/tags?post=195594"}],"curies":[{"name":"wp","href":"https:\/\/api.w.org\/{rel}","templated":true}]}}