{"id":195606,"date":"2025-12-20T03:06:12","date_gmt":"2025-12-20T03:06:12","guid":{"rendered":"https:\/\/www.europesays.com\/pt\/195606\/"},"modified":"2025-12-20T03:06:12","modified_gmt":"2025-12-20T03:06:12","slug":"entre-presepios-e-kalashnikovs-o-postal-da-venezuela","status":"publish","type":"post","link":"https:\/\/www.europesays.com\/pt\/195606\/","title":{"rendered":"Entre pres\u00e9pios e kalashnikovs, o postal da Venezuela"},"content":{"rendered":"<p data-remotead-prev-elm=\"true\" data-remotead-elm-id=\"inread\">A declara\u00e7\u00e3o de Donald Trump caiu como um balde de \u00e1gua fria sobre uma parte da oposi\u00e7\u00e3o venezuelana que espera uma invas\u00e3o. Depois de insistir no narcotr\u00e1fico como raz\u00e3o para pressionar militarmente Caracas, o presidente norte-americano fala agora na devolu\u00e7\u00e3o do petr\u00f3leo &#8220;roubado&#8221; quando o ex-presidente Hugo Ch\u00e1vez nacionalizou as companhias petrol\u00edferas.<\/p>\n<p>A uma semana do Natal, ningu\u00e9m parece estar mais preocupado com as amea\u00e7as dos Estados Unidos do que em encontrar os melhores presentes, no bul\u00edcio das ruas do centro de Caracas. Enquanto Nicol\u00e1s Maduro afirmava na televis\u00e3o, na quarta-feira, que um governo imposto pelos Estados Unidos na Venezuela n\u00e3o duraria mais de 47 horas &#8211; numa refer\u00eancia ao tempo que durou o ef\u00e9mero golpe de Estado contra Hugo Ch\u00e1vez em 2002 -, as lojas estavam cheias de clientes. Parece tudo menos um pa\u00eds \u00e0 beira de uma invas\u00e3o. Na verdade, ningu\u00e9m acreditava muito na possibilidade de uma declara\u00e7\u00e3o de guerra de Trump contra a Venezuela.<\/p>\n<blockquote data-type=\"articles\" data-id=\"related-article-18031996\"><p>\n              <strong>Leia tamb\u00e9m <\/strong><br \/>\n              <a href=\"https:\/\/www.jn.pt\/mundo\/artigo\/donald-trump-nao-descarta-guerra-com-venezuela\/18031996\" rel=\"nofollow noopener\" target=\"_blank\">Donald Trump &#8220;n\u00e3o descarta&#8221; guerra com Venezuela<\/a>\n            <\/p><\/blockquote>\n<p>Asfixia da economia<\/p>\n<p>Contudo, um bloqueio naval \u00e9 por si s\u00f3 suficiente para asfixiar uma economia no qual, em 2024, 58% das receitas estatais vinham da exporta\u00e7\u00e3o de produtos do setor petrol\u00edfero. Sendo uma das principais economias em crescimento na Am\u00e9rica do Sul, depois de anos de profunda crise econ\u00f3mica e social, devido \u00e0s san\u00e7\u00f5es impostas pelos Estados Unidos, as autoridades venezuelanas olham com preocupa\u00e7\u00e3o para as consequ\u00eancias desta medida e ordenaram a escolta militar de petroleiros pela marinha. Simultaneamente, o presidente da Venezuela apelou \u00e0 uni\u00e3o dos ex\u00e9rcitos da Col\u00f4mbia e da Venezuela para fazer frente a uma poss\u00edvel agress\u00e3o terrestre de Washington que, segundo uma sondagem publicada, na quarta-feira, pela empresa brit\u00e2nica de estudos de opini\u00e3o YouGov, tem a oposi\u00e7\u00e3o de 60% dos norte-americanos.<\/p>\n<p data-remotead-prev-elm=\"true\" data-remotead-elm-id=\"centro1\">A expectativa numa parte da oposi\u00e7\u00e3o venezuelana que esperava uma declara\u00e7\u00e3o de guerra por parte de Donald Trump acabou em des\u00e2nimo quando o presidente norte-americano terminou o discurso na Casa Branca. As redes sociais encheram-se de memes de quem parece j\u00e1 n\u00e3o acreditar que os EUA possam efetivamente levar a cabo uma opera\u00e7\u00e3o militar para derrubar o Governo venezuelano.<\/p>\n<p>Mil\u00edcias mobilizadas<\/p>\n<p>No entanto, os diferentes setores do chavismo n\u00e3o desarmam e organizam-se para uma poss\u00edvel invas\u00e3o. Em todo o pa\u00eds, para al\u00e9m das for\u00e7as armadas, o Governo est\u00e1 a mobilizar a popula\u00e7\u00e3o civil para se juntar \u00e0s mil\u00edcias. Ontem, os principais dirigentes do movimento pol\u00edtico-militar Tupamaro, herdeiro dos grupos de guerrilha urbana dos anos 80 em Caracas, estavam reunidos para preparar a resist\u00eancia armada.<\/p>\n<p><img decoding=\"async\" class=\"ngx-body\" guid=\"89975695-17e8-4f50-ac73-63169d1b5d59\" src=\"https:\/\/www.europesays.com\/pt\/wp-content\/uploads\/2025\/12\/1766199972_554_image.webp\" width=\"100%\"\/>William Benevides, secret\u00e1rio-geral do movimento Tupamaro (Foto: Bruno Carvalho)<\/p>\n<p data-remotead-prev-elm=\"true\" data-remotead-elm-id=\"centro2\">William Benevides, secret\u00e1rio-geral da organiza\u00e7\u00e3o, garantiu ao JN, rodeado de cerca de uma centena de militantes, que est\u00e3o preparados para fazer da Venezuela um novo Vietname se os Estados Unidos decidirem atacar. &#8220;Temos experi\u00eancia de combate, somos uma mil\u00edcia revolucion\u00e1ria, e vamos defender cada palmo do nosso territ\u00f3rio ao lado do povo. [Se isso acontecer], vamos fazer uma guerra popular prolongada para fazer afundar o imp\u00e9rio norte-americano neste lama\u00e7al&#8221;, advertiu. Este dirigente tupamaro insistiu que a Venezuela \u00e9 &#8220;um pa\u00eds de paz&#8221;, mas que est\u00e3o dispostos a tudo para defender o &#8220;legado de Sim\u00f3n Bol\u00edvar e de Hugo Ch\u00e1vez&#8221;. Com campos de treino em v\u00e1rias zonas do pa\u00eds, o grupo insiste que vai garantir a &#8220;soberania&#8221; da Venezuela. Sobre as acusa\u00e7\u00f5es de viola\u00e7\u00e3o dos direitos humanos e de falta de democracia feitas por v\u00e1rios pa\u00edses, William Benevides rejeitou o que considera ser uma inger\u00eancia e lembrou que o Ocidente nunca se preocupou com os direitos humanos em Gaza.<\/p>\n<p>Entretanto, Mar\u00eda Corina Machado, Nobel da Paz, que tem apoiado de forma entusiasta uma interven\u00e7\u00e3o militar dos EUA no seu pa\u00eds, abandonou Oslo, fazendo crescer a expectativa sobre se tentar\u00e1 regressar a um pa\u00eds que parece estar mais preocupado com a consoada do que com a guerra.<\/p>\n","protected":false},"excerpt":{"rendered":"A declara\u00e7\u00e3o de Donald Trump caiu como um balde de \u00e1gua fria sobre uma parte da oposi\u00e7\u00e3o venezuelana&hellip;\n","protected":false},"author":2,"featured_media":195607,"comment_status":"","ping_status":"","sticky":false,"template":"","format":"standard","meta":{"footnotes":""},"categories":[50],"tags":[27,28,15,16,14,25,26,21,22,62,12,13,19,20,23,24,17,18,29,30,31,3023,63,64,65],"class_list":{"0":"post-195606","1":"post","2":"type-post","3":"status-publish","4":"format-standard","5":"has-post-thumbnail","7":"category-mundo","8":"tag-breaking-news","9":"tag-breakingnews","10":"tag-featured-news","11":"tag-featurednews","12":"tag-headlines","13":"tag-latest-news","14":"tag-latestnews","15":"tag-main-news","16":"tag-mainnews","17":"tag-mundo","18":"tag-news","19":"tag-noticias","20":"tag-noticias-principais","21":"tag-noticiasprincipais","22":"tag-principais-noticias","23":"tag-principaisnoticias","24":"tag-top-stories","25":"tag-topstories","26":"tag-ultimas","27":"tag-ultimas-noticias","28":"tag-ultimasnoticias","29":"tag-venezuela","30":"tag-world","31":"tag-world-news","32":"tag-worldnews"},"share_on_mastodon":{"url":"https:\/\/pubeurope.com\/@pt\/115749688866253498","error":""},"_links":{"self":[{"href":"https:\/\/www.europesays.com\/pt\/wp-json\/wp\/v2\/posts\/195606","targetHints":{"allow":["GET"]}}],"collection":[{"href":"https:\/\/www.europesays.com\/pt\/wp-json\/wp\/v2\/posts"}],"about":[{"href":"https:\/\/www.europesays.com\/pt\/wp-json\/wp\/v2\/types\/post"}],"author":[{"embeddable":true,"href":"https:\/\/www.europesays.com\/pt\/wp-json\/wp\/v2\/users\/2"}],"replies":[{"embeddable":true,"href":"https:\/\/www.europesays.com\/pt\/wp-json\/wp\/v2\/comments?post=195606"}],"version-history":[{"count":0,"href":"https:\/\/www.europesays.com\/pt\/wp-json\/wp\/v2\/posts\/195606\/revisions"}],"wp:featuredmedia":[{"embeddable":true,"href":"https:\/\/www.europesays.com\/pt\/wp-json\/wp\/v2\/media\/195607"}],"wp:attachment":[{"href":"https:\/\/www.europesays.com\/pt\/wp-json\/wp\/v2\/media?parent=195606"}],"wp:term":[{"taxonomy":"category","embeddable":true,"href":"https:\/\/www.europesays.com\/pt\/wp-json\/wp\/v2\/categories?post=195606"},{"taxonomy":"post_tag","embeddable":true,"href":"https:\/\/www.europesays.com\/pt\/wp-json\/wp\/v2\/tags?post=195606"}],"curies":[{"name":"wp","href":"https:\/\/api.w.org\/{rel}","templated":true}]}}