{"id":195610,"date":"2025-12-20T03:12:16","date_gmt":"2025-12-20T03:12:16","guid":{"rendered":"https:\/\/www.europesays.com\/pt\/195610\/"},"modified":"2025-12-20T03:12:16","modified_gmt":"2025-12-20T03:12:16","slug":"maria-botelho-moniz-revela-as-tradicoes-de-natal-que-criou-com-o-filho-vicente-e-sao-uma-ternura-secret-story","status":"publish","type":"post","link":"https:\/\/www.europesays.com\/pt\/195610\/","title":{"rendered":"Maria Botelho Moniz revela as tradi\u00e7\u00f5es de Natal que criou com o filho Vicente. E s\u00e3o uma ternura &#8211; Secret Story"},"content":{"rendered":"<p><strong>Maria Botelho Moniz prepara-se para entrar em 2026 em grande,<\/strong> com a <a href=\"https:\/\/tvi.iol.pt\/secretstory\/maria-botelho-moniz\/18-12-2025\/pela-primeira-vez-maria-botelho-moniz-mostra-se-na-casa-da-primeira-companhia-vim-visitar-a-base\" rel=\"nofollow noopener\" target=\"_blank\">estreia da<\/a><strong><a href=\"https:\/\/tvi.iol.pt\/secretstory\/maria-botelho-moniz\/18-12-2025\/pela-primeira-vez-maria-botelho-moniz-mostra-se-na-casa-da-primeira-companhia-vim-visitar-a-base\" rel=\"nofollow noopener\" target=\"_blank\"> 1\u00aa Companhia<\/a>.<\/strong> Mas antes, a apresentadora vai <a href=\"https:\/\/tvi.iol.pt\/secretstory\/1-companhia\/maria-botelho-moniz\/25-anos-depois-esta-e-uma-das-grandes-novidades-da-1-companhia-e-nao-tem-a-ver-com-a-recruta\" rel=\"nofollow noopener\" target=\"_blank\">celebrar o Natal em fam\u00edlia<\/a>\u00a0e contou, em exclusivo ao digital da TVI, que j\u00e1 tem algumas tradi\u00e7\u00f5es natal\u00edcias bem especiais com o filho, Vicente.<\/p>\n<p>\u00ab<strong>J\u00e1 come\u00e7amos a ter algumas tradi\u00e7\u00f5es, apesar de ele ser muito pequenino<\/strong>. Na manh\u00e3 de dia 25 de dezembro, fa\u00e7o sempre um grande pequeno almo\u00e7o. Fazemos sempre panquecas todos juntos\u00bb, come\u00e7ou por contar a comunicadora.<\/p>\n<p>Mas h\u00e1 mais:\u00a0\u00ab<strong>E j\u00e1 fomos ver as luzes de Natal. Todos os anos vamos ver as luzes de Natal e ele come\u00e7a agora a entender a magia do Natal.<\/strong>\u00bb<\/p>\n<p>Maria Botelho Moniz aproveitou ainda para deixar uma mensagem muito especial ao f\u00e3s que a acompanham. \u00abPor isso mesmo, aproveito para desejar a todos um feliz Natal, um Ano Novo s\u00f3 com coisas boas e, <strong>n\u00e3o se esque\u00e7a: no dia 1 de janeiro, fa\u00e7o-lhe companhia<\/strong>\u00bb, findou.<\/p>\n<p><strong>Pode ver aqui o v\u00eddeo do momento:<\/strong><\/p>\n<p>\u00a0<\/p>\n<p>\u00a0<\/p>\n","protected":false},"excerpt":{"rendered":"Maria Botelho Moniz prepara-se para entrar em 2026 em grande, com a estreia da 1\u00aa Companhia. Mas antes,&hellip;\n","protected":false},"author":2,"featured_media":195611,"comment_status":"","ping_status":"","sticky":false,"template":"","format":"standard","meta":{"footnotes":""},"categories":[142],"tags":[18706,114,115,18705,3435,338,32,33,151,18704],"class_list":{"0":"post-195610","1":"post","2":"type-post","3":"status-publish","4":"format-standard","5":"has-post-thumbnail","7":"category-tv","8":"tag-bastidores-secret-story","9":"tag-entertainment","10":"tag-entretenimento","11":"tag-entrevistas-concorrentes-tvi","12":"tag-filho","13":"tag-maria-botelho-moniz","14":"tag-portugal","15":"tag-pt","16":"tag-tv","17":"tag-vida-fora-da-casa"},"share_on_mastodon":{"url":"https:\/\/pubeurope.com\/@pt\/115749712190562128","error":""},"_links":{"self":[{"href":"https:\/\/www.europesays.com\/pt\/wp-json\/wp\/v2\/posts\/195610","targetHints":{"allow":["GET"]}}],"collection":[{"href":"https:\/\/www.europesays.com\/pt\/wp-json\/wp\/v2\/posts"}],"about":[{"href":"https:\/\/www.europesays.com\/pt\/wp-json\/wp\/v2\/types\/post"}],"author":[{"embeddable":true,"href":"https:\/\/www.europesays.com\/pt\/wp-json\/wp\/v2\/users\/2"}],"replies":[{"embeddable":true,"href":"https:\/\/www.europesays.com\/pt\/wp-json\/wp\/v2\/comments?post=195610"}],"version-history":[{"count":0,"href":"https:\/\/www.europesays.com\/pt\/wp-json\/wp\/v2\/posts\/195610\/revisions"}],"wp:featuredmedia":[{"embeddable":true,"href":"https:\/\/www.europesays.com\/pt\/wp-json\/wp\/v2\/media\/195611"}],"wp:attachment":[{"href":"https:\/\/www.europesays.com\/pt\/wp-json\/wp\/v2\/media?parent=195610"}],"wp:term":[{"taxonomy":"category","embeddable":true,"href":"https:\/\/www.europesays.com\/pt\/wp-json\/wp\/v2\/categories?post=195610"},{"taxonomy":"post_tag","embeddable":true,"href":"https:\/\/www.europesays.com\/pt\/wp-json\/wp\/v2\/tags?post=195610"}],"curies":[{"name":"wp","href":"https:\/\/api.w.org\/{rel}","templated":true}]}}