{"id":195620,"date":"2025-12-20T03:29:09","date_gmt":"2025-12-20T03:29:09","guid":{"rendered":"https:\/\/www.europesays.com\/pt\/195620\/"},"modified":"2025-12-20T03:29:09","modified_gmt":"2025-12-20T03:29:09","slug":"o-mirante-sardoal-de-luto-pela-morte-de-jovem-atleta","status":"publish","type":"post","link":"https:\/\/www.europesays.com\/pt\/195620\/","title":{"rendered":"O MIRANTE | Sardoal de luto pela morte de jovem atleta"},"content":{"rendered":"<p>O futebol distrital est\u00e1 a viver um momento de profunda tristeza ap\u00f3s o falecimento de Leonor Dias, atleta do GDR \u201cOs Lagartos\u201d de Sardoal, que faleceu na noite de 18 de dezembro aos 18 anos de idade. A jovem come\u00e7ou o seu percurso no futebol muito cedo, desde os escal\u00f5es de benjamins, destacando-se pela sua dedica\u00e7\u00e3o e entusiasmo. Ao longo de seis \u00e9pocas, vestiu a camisola do clube com orgulho, deixando uma marca significativa no futebol feminino local. <br \/>A atleta integrou ainda as selec\u00e7\u00f5es distritais, representando o distrito de Santar\u00e9m nos escal\u00f5es de Futebol 7 Sub-14, Futebol 9 Sub-15 e Futebol 9 Sub-16 Feminino e disputou a Liga de Prata do Torneio Interassocia\u00e7\u00f5es de Futebol 9 Sub-16 Feminino na \u00e9poca 2021-22. <br \/>Em comunicado publicado nas redes sociais, o GDR \u201cOs Lagartos\u201d prestou homenagem \u00e0 jovem, lembrando-a como \u201cuma atleta que sempre representou o clube com dedica\u00e7\u00e3o, alegria e esp\u00edrito desportivo deixando uma marca indel\u00e9vel em todos os que com ela conviveram, dentro e fora do campo.\u201d. A Associa\u00e7\u00e3o de Futebol de Santar\u00e9m tamb\u00e9m veio publicamente manifestar o seu pesar, unindo-se ao clube e \u00e0 fam\u00edlia da jovem nesta fase de luto e recordando-a como um exemplo de paix\u00e3o e dedica\u00e7\u00e3o ao futebol distrital. <\/p>\n","protected":false},"excerpt":{"rendered":"O futebol distrital est\u00e1 a viver um momento de profunda tristeza ap\u00f3s o falecimento de Leonor Dias, atleta&hellip;\n","protected":false},"author":2,"featured_media":195621,"comment_status":"","ping_status":"","sticky":false,"template":"","format":"standard","meta":{"footnotes":""},"categories":[87],"tags":[135,6569,6568,32,33,3551,5314,134],"class_list":{"0":"post-195620","1":"post","2":"type-post","3":"status-publish","4":"format-standard","5":"has-post-thumbnail","7":"category-desporto","8":"tag-desporto","9":"tag-jornal-regional","10":"tag-jornalismo-de-proximidade","11":"tag-portugal","12":"tag-pt","13":"tag-regiao","14":"tag-ribatejo","15":"tag-sports"},"share_on_mastodon":{"url":"https:\/\/pubeurope.com\/@pt\/115749779135308936","error":""},"_links":{"self":[{"href":"https:\/\/www.europesays.com\/pt\/wp-json\/wp\/v2\/posts\/195620","targetHints":{"allow":["GET"]}}],"collection":[{"href":"https:\/\/www.europesays.com\/pt\/wp-json\/wp\/v2\/posts"}],"about":[{"href":"https:\/\/www.europesays.com\/pt\/wp-json\/wp\/v2\/types\/post"}],"author":[{"embeddable":true,"href":"https:\/\/www.europesays.com\/pt\/wp-json\/wp\/v2\/users\/2"}],"replies":[{"embeddable":true,"href":"https:\/\/www.europesays.com\/pt\/wp-json\/wp\/v2\/comments?post=195620"}],"version-history":[{"count":0,"href":"https:\/\/www.europesays.com\/pt\/wp-json\/wp\/v2\/posts\/195620\/revisions"}],"wp:featuredmedia":[{"embeddable":true,"href":"https:\/\/www.europesays.com\/pt\/wp-json\/wp\/v2\/media\/195621"}],"wp:attachment":[{"href":"https:\/\/www.europesays.com\/pt\/wp-json\/wp\/v2\/media?parent=195620"}],"wp:term":[{"taxonomy":"category","embeddable":true,"href":"https:\/\/www.europesays.com\/pt\/wp-json\/wp\/v2\/categories?post=195620"},{"taxonomy":"post_tag","embeddable":true,"href":"https:\/\/www.europesays.com\/pt\/wp-json\/wp\/v2\/tags?post=195620"}],"curies":[{"name":"wp","href":"https:\/\/api.w.org\/{rel}","templated":true}]}}