{"id":195639,"date":"2025-12-20T03:58:22","date_gmt":"2025-12-20T03:58:22","guid":{"rendered":"https:\/\/www.europesays.com\/pt\/195639\/"},"modified":"2025-12-20T03:58:22","modified_gmt":"2025-12-20T03:58:22","slug":"icepi-lanca-ferramenta-digital-para-gestao-mais-eficiente-e-transparente-de-dados-dos-seus-projetos-e-programas","status":"publish","type":"post","link":"https:\/\/www.europesays.com\/pt\/195639\/","title":{"rendered":"ICEPi lan\u00e7a ferramenta digital para gest\u00e3o mais eficiente e transparente de dados dos seus projetos e programas"},"content":{"rendered":"<p style=\"text-align: justify;\">Com o objetivo de modernizar os processos e aprimorar a gest\u00e3o de dados, o Instituto Capixaba de Ensino, Pesquisa e Inova\u00e7\u00e3o em Sa\u00fade (ICEPi) lan\u00e7ou, na \u00faltima sexta-feira (12), o Sistema Administrativo de Pesquisadores de Inova\u00e7\u00e3o e Ensino em Sa\u00fade (Sapiens). A plataforma digital concentra informa\u00e7\u00f5es e otimiza o gerenciamento de dados sobre a gest\u00e3o de membros, que tem quase dois mil membros em mais de 70 programas e projetos. O objetivo da ferramenta \u00e9 facilitar a identifica\u00e7\u00e3o da origem e trajet\u00f3ria desses dados, al\u00e9m de conferir mais agilidade e transpar\u00eancia aos processos.<\/p>\n<p style=\"text-align: justify;\">\u201cO ICEPi caminha para ser o grande centro de intelig\u00eancia da Secretaria da Sa\u00fade (Sesa), onde todas as pol\u00edticas estrat\u00e9gicas v\u00e3o ser impulsionadas e aperfei\u00e7oadas pelo Instituto. O Sapiens entra nesse conjunto de a\u00e7\u00f5es que estamos fazendo para estruturar os fluxos, automatizando processos internos\u201d, destacou o secret\u00e1rio de Estado da Sa\u00fade, Tyago Hoffmann, que participou do evento de lan\u00e7amento da ferramenta.\u00a0<\/p>\n<p style=\"text-align: justify;\">Segundo o diretor-geral do ICEPi, Erico Sangiorgio, o Sapiens faz parte de um conjunto de a\u00e7\u00f5es estruturantes que pretendem organizar os processos internos. \u201cAgora, estamos modernizando, dando mais transpar\u00eancia e assertividade para todo o tr\u00e2mite relacionado \u00e0 vida dos membros do ICEPi, come\u00e7ando pelo cadastro de cada profissional. Essa \u00e9 uma nova fase de a\u00e7\u00f5es de gest\u00e3o estrat\u00e9gica com o compromisso de ampliar a atua\u00e7\u00e3o do Instituto como catalisador de intelig\u00eancia, inova\u00e7\u00e3o e trabalho no Sistema \u00danico de Sa\u00fade (SUS) capixaba\u201d, destacou.<\/p>\n<p style=\"text-align: justify;\">O Sapiens foi desenvolvido de forma colaborativa pelo Projeto de Desenvolvimento de Pr\u00e1ticas Gerenciais Aplicadas \u00e0 Inova\u00e7\u00e3o em Sa\u00fade (PGiS), Projeto de Tecnologias de Informa\u00e7\u00e3o e Comunica\u00e7\u00e3o Aplicadas \u00e0 Sa\u00fade (ProticSUS) e Programa de Inova\u00e7\u00e3o e Aplicabilidade \u00e0s Pr\u00e1ticas de Gest\u00e3o (PIAPG).<\/p>\n<p style=\"text-align: justify;\"><strong>Solu\u00e7\u00e3o inovadora<\/strong><\/p>\n<p style=\"text-align: justify;\">O Sistema Administrativo de Pesquisadores de Inova\u00e7\u00e3o e Ensino em Sa\u00fade (Sapiens) foi pensado como solu\u00e7\u00e3o inovadora em gest\u00e3o, na medida em que tamb\u00e9m permite uma maior efici\u00eancia operacional e mais suporte para a tomada de decis\u00f5es.<\/p>\n<p style=\"text-align: justify;\">\u201cO sistema vai deixar o trabalho de gest\u00e3o do Instituto mais \u00e1gil, o que impacta na materializa\u00e7\u00e3o de uma base de dados sobre os membros e atividades do ICEPi e, consequentemente, na estrutura\u00e7\u00e3o de um servi\u00e7o ainda mais qualificado para os usu\u00e1rios do Sistema \u00danico de Sa\u00fade (SUS)\u201d, explicou o gerente de Inova\u00e7\u00e3o do ICEPi, Ricardo Costa.<\/p>\n<p style=\"text-align: justify;\">Al\u00e9m disso, o sistema se faz importante para a atividade-fim do Instituto, como destacou a gerente da Escola de Sa\u00fade P\u00fablica, Carolina Perez. \u201cInternamente, precisamos estar fortalecidos e estruturados para al\u00e7armos voos maiores e crescermos ainda mais. Queremos modernizar os nossos processos para alcan\u00e7armos metas de forma transparente e melhorarmos cada vez mais a oferta de servi\u00e7os para os profissionais de sa\u00fade e para a popula\u00e7\u00e3o\u201d, disse.<\/p>\n<p style=\"text-align: justify;\"><strong>Veja as fotos aqui:\u00a0<a href=\"https:\/\/flic.kr\/s\/aHBqjCE8XP\" rel=\"nofollow noopener\" target=\"_blank\">https:\/\/flic.kr\/s\/aHBqjCE8XP<\/a>\u00a0<\/strong><\/p>\n<p style=\"text-align: justify;\"><strong>Informa\u00e7\u00f5es \u00e0 Imprensa:<\/strong><\/p>\n<p style=\"text-align: justify;\"><strong>Assessoria de Comunica\u00e7\u00e3o da Sesa<\/strong><\/p>\n<p style=\"text-align: justify;\">Syria Luppi \/ Luciana Almeida \/ Danielly Campos \/ Tha\u00edsa C\u00f4rtes \/ Ana Cl\u00e1udia dos Santos<\/p>\n<p style=\"text-align: justify;\"><a href=\"https:\/\/saude.es.gov.br\/Not%C3%ADcia\/mailto:imprensa@saude.es.gov.br\" rel=\"nofollow noopener\" target=\"_blank\">imprensa@saude.es.gov.br<\/a><\/p>\n<p style=\"text-align: justify;\">\u00a0<\/p>\n<p style=\"text-align: justify;\"><strong>Coordenadoria de Comunica\u00e7\u00e3o em Sa\u00fade \u2013 Instituto Capixaba de Ensino, Pesquisa e Inova\u00e7\u00e3o em Sa\u00fade (ICEPi)<\/strong><\/p>\n<p style=\"text-align: justify;\">Wing Costa \/ Mayra Scarpi \/ Cec\u00edlia Ribeiro<\/p>\n<p style=\"text-align: justify;\"><a href=\"https:\/\/saude.es.gov.br\/Not%C3%ADcia\/mailto:icepi.comunicacao@saude.es.gov.br\" rel=\"nofollow noopener\" target=\"_blank\">icepi.comunicacao@saude.es.gov.br<\/a><\/p>\n<p style=\"text-align: justify;\">\u00a0<\/p>\n","protected":false},"excerpt":{"rendered":"Com o objetivo de modernizar os processos e aprimorar a gest\u00e3o de dados, o Instituto Capixaba de Ensino,&hellip;\n","protected":false},"author":2,"featured_media":195640,"comment_status":"","ping_status":"","sticky":false,"template":"","format":"standard","meta":{"footnotes":""},"categories":[86],"tags":[924,116,32,33,117,10254],"class_list":{"0":"post-195639","1":"post","2":"type-post","3":"status-publish","4":"format-standard","5":"has-post-thumbnail","7":"category-saude","8":"tag-governo-do-estado-do-espirito-santo","9":"tag-health","10":"tag-portugal","11":"tag-pt","12":"tag-saude","13":"tag-sesa"},"share_on_mastodon":{"url":"https:\/\/pubeurope.com\/@pt\/115749893083954783","error":""},"_links":{"self":[{"href":"https:\/\/www.europesays.com\/pt\/wp-json\/wp\/v2\/posts\/195639","targetHints":{"allow":["GET"]}}],"collection":[{"href":"https:\/\/www.europesays.com\/pt\/wp-json\/wp\/v2\/posts"}],"about":[{"href":"https:\/\/www.europesays.com\/pt\/wp-json\/wp\/v2\/types\/post"}],"author":[{"embeddable":true,"href":"https:\/\/www.europesays.com\/pt\/wp-json\/wp\/v2\/users\/2"}],"replies":[{"embeddable":true,"href":"https:\/\/www.europesays.com\/pt\/wp-json\/wp\/v2\/comments?post=195639"}],"version-history":[{"count":0,"href":"https:\/\/www.europesays.com\/pt\/wp-json\/wp\/v2\/posts\/195639\/revisions"}],"wp:featuredmedia":[{"embeddable":true,"href":"https:\/\/www.europesays.com\/pt\/wp-json\/wp\/v2\/media\/195640"}],"wp:attachment":[{"href":"https:\/\/www.europesays.com\/pt\/wp-json\/wp\/v2\/media?parent=195639"}],"wp:term":[{"taxonomy":"category","embeddable":true,"href":"https:\/\/www.europesays.com\/pt\/wp-json\/wp\/v2\/categories?post=195639"},{"taxonomy":"post_tag","embeddable":true,"href":"https:\/\/www.europesays.com\/pt\/wp-json\/wp\/v2\/tags?post=195639"}],"curies":[{"name":"wp","href":"https:\/\/api.w.org\/{rel}","templated":true}]}}