{"id":195660,"date":"2025-12-20T04:31:44","date_gmt":"2025-12-20T04:31:44","guid":{"rendered":"https:\/\/www.europesays.com\/pt\/195660\/"},"modified":"2025-12-20T04:31:44","modified_gmt":"2025-12-20T04:31:44","slug":"israel-fecha-venda-recorde-de-armamentos-para-a-alemanha-dw-18-12-2025","status":"publish","type":"post","link":"https:\/\/www.europesays.com\/pt\/195660\/","title":{"rendered":"Israel fecha venda recorde de armamentos para a Alemanha \u2013 DW \u2013 18\/12\/2025"},"content":{"rendered":"<p>A <a class=\"internal-link\" href=\"https:\/\/www.dw.com\/pt-br\/alemanha\/t-58325877\" rel=\"nofollow noopener\" target=\"_blank\">Alemanha<\/a> assinou nesta quinta-feira (18\/12) um contrato no valor de 3,1 bilh\u00f5es de d\u00f3lares (R$ 17 bilh\u00f5es) para expandir a compra e instala\u00e7\u00e3o do sistema de defesa antim\u00edsseis Arrow 3, fabricado pela empresa p\u00fablica Ind\u00fastrias Aeroespaciais de Israel (IAI).<\/p>\n<p>Berlim adquiriu pela primeira vez o sistema Arrow em 2023, ao considerar os m\u00edsseis russos de alcance intermedi\u00e1rio como a <a class=\"internal-link\" href=\"https:\/\/www.dw.com\/pt-br\/r\u00fassia-amea\u00e7a-atacar-capitais-europeias-em-retalia\u00e7\u00e3o\/a-69653216\" rel=\"nofollow noopener\" target=\"_blank\">principal amea\u00e7a \u00e0 sua popula\u00e7\u00e3o<\/a> e infraestrutura cr\u00edtica. Combinados, os dois acordos agora totalizam 6,7 bilh\u00f5es de d\u00f3lares (R$ 36 bilh\u00f5es), representando o maior contrato de exporta\u00e7\u00e3o de defesa da hist\u00f3ria de Israel, informou o Minist\u00e9rio da Defesa do pa\u00eds.<\/p>\n<p>A cerim\u00f4nia de assinatura ocorreu na Alemanha e foi presidida pelo diretor da Organiza\u00e7\u00e3o de Defesa Antim\u00edsseis de Israel (IMDO), Moshe Patel, e pela diretora-geral do Escrit\u00f3rio Federal Alem\u00e3o de Equipamentos, Tecnologia da Informa\u00e7\u00e3o e Apoio em Servi\u00e7o da For\u00e7as Armadas Alem\u00e3s, Annette Lehnigk-Emden.<\/p>\n<p>Primeiro pa\u00eds europeu a usar o sistema Arrow<\/p>\n<p>Em dezembro deste ano, a Alemanha tornou-se a <a class=\"internal-link\" href=\"https:\/\/www.dw.com\/pt-br\/alemanha-come\u00e7a-a-operar-novo-e-potente-escudo-antim\u00edsseis\/a-74996390\" rel=\"nofollow noopener\" target=\"_blank\">primeira na\u00e7\u00e3o europeia a implantar o Arrow<\/a>, considerado um dos sistemas mais avan\u00e7ados do mundo para interceptar m\u00edsseis bal\u00edsticos intercontinentais.<\/p>\n<p>O risco de um ataque direto com m\u00edsseis a partir de grandes altitudes \u00e9 considerado baixo para a Alemanha e a Europa. No entanto, pa\u00edses como a R\u00fassia possuem m\u00edsseis bal\u00edsticos de longo alcance capazes de atingir altitudes extremas e que podem representar uma s\u00e9ria amea\u00e7a, <a class=\"internal-link\" href=\"https:\/\/www.dw.com\/pt-br\/putin-anuncia-produ\u00e7\u00e3o-em-massa-de-m\u00edsseis-hipers\u00f4nicos\/a-73504137\" rel=\"nofollow noopener\" target=\"_blank\">como o Oreshnik<\/a>.<\/p>\n<p>At\u00e9 ent\u00e3o, a Alemanha n\u00e3o tinha uma resposta militar a esse tipo de armamento. O Arrow 3 se tornou, assim, um componente fundamental do realinhamento da pol\u00edtica de seguran\u00e7a de Berlim, que inclui um aumento significativo nos gastos com defesa e o desenvolvimento de um sistema europeu de defesa a\u00e9rea em camadas.<\/p>\n<p>O pa\u00eds europeu estabeleceu em 2025 um novo recorde de gastos com defesa, com um investimento total de 83 bilh\u00f5es de euros.<\/p>\n<p><img data-format=\"MASTER_LANDSCAPE\" data-id=\"74978695\" data-url=\"https:\/\/static.dw.com\/image\/74978695_${formatId}.jpg\" data-aspect-ratio=\"16\/9\" alt=\"Lan\u00e7amento do Arrow 3\" style=\"padding-bottom: 56.25%; height: 0; max-height: 0;\"\/>Arrow 3 foi usado por Israel para barrar m\u00edsseis vindos do Ir\u00e3Foto: Israelisches Verteidigungsministerium\/AFP<\/p>\n<p>Sistema foi usado por Israel contra o Ir\u00e3<\/p>\n<p>O Arrow 3 foi desenvolvido em conjunto por Israel e pelos EUA. Ele pode interceptar m\u00edsseis que se aproximam a altitudes de at\u00e9 100 quil\u00f4metros \u2013 na transi\u00e7\u00e3o para o espa\u00e7o \u2013 e atinge um alcance de at\u00e9 2.400 quil\u00f4metros.<\/p>\n<p>Em Israel, o sistema \u00e9 utilizado\u00a0<a class=\"internal-link\" href=\"https:\/\/www.dw.com\/pt-br\/quais-s\u00e3o-os-sistemas-de-defesa-a\u00e9rea-de-israel\/a-68813352\" rel=\"nofollow noopener\" target=\"_blank\">como a camada superior das defesas<\/a> antim\u00edsseis do pa\u00eds, em conjunto com o Domo de Ferro, que neutraliza amea\u00e7as de curto alcance. Ele foi usado, por exemplo, para interceptar m\u00edsseis bal\u00edsticos lan\u00e7ados contra o territ\u00f3rio israelense a partir do I\u00eamen e do Ir\u00e3 este ano.\u00a0<\/p>\n<p>Apesar de tecnologicamente avan\u00e7ado, tem um pre\u00e7o elevado: estima-se que um \u00fanico m\u00edssil interceptor do modelo custe v\u00e1rios milh\u00f5es de euros.<\/p>\n<p>Em novembro, a Alemanha suspendeu um embargo \u00e0 venda de armas para Israel, revertendo a san\u00e7\u00e3o que havia imposto ao\u00a0pa\u00eds pelo conflito em Gaza.\u00a0<\/p>\n<p>A decis\u00e3o afetou armas e sistemas que poderiam ser usados em Gaza, mas n\u00e3o outros considerados necess\u00e1rios para que Israel se defendesse de ataques externos, incluindo componentes para a marinha do pa\u00eds. Em setembro, por\u00e9m, o licenciamento de novas exporta\u00e7\u00f5es militares a Israel chegou a zero.<\/p>\n<p>gq (EFE, Reuters)<\/p>\n","protected":false},"excerpt":{"rendered":"A Alemanha assinou nesta quinta-feira (18\/12) um contrato no valor de 3,1 bilh\u00f5es de d\u00f3lares (R$ 17 bilh\u00f5es)&hellip;\n","protected":false},"author":2,"featured_media":195661,"comment_status":"","ping_status":"","sticky":false,"template":"","format":"standard","meta":{"footnotes":""},"categories":[50],"tags":[27,28,15,16,14,25,26,21,22,62,12,13,19,20,23,24,17,18,29,30,31,63,64,65],"class_list":{"0":"post-195660","1":"post","2":"type-post","3":"status-publish","4":"format-standard","5":"has-post-thumbnail","7":"category-mundo","8":"tag-breaking-news","9":"tag-breakingnews","10":"tag-featured-news","11":"tag-featurednews","12":"tag-headlines","13":"tag-latest-news","14":"tag-latestnews","15":"tag-main-news","16":"tag-mainnews","17":"tag-mundo","18":"tag-news","19":"tag-noticias","20":"tag-noticias-principais","21":"tag-noticiasprincipais","22":"tag-principais-noticias","23":"tag-principaisnoticias","24":"tag-top-stories","25":"tag-topstories","26":"tag-ultimas","27":"tag-ultimas-noticias","28":"tag-ultimasnoticias","29":"tag-world","30":"tag-world-news","31":"tag-worldnews"},"share_on_mastodon":{"url":"https:\/\/pubeurope.com\/@pt\/115750022913430714","error":""},"_links":{"self":[{"href":"https:\/\/www.europesays.com\/pt\/wp-json\/wp\/v2\/posts\/195660","targetHints":{"allow":["GET"]}}],"collection":[{"href":"https:\/\/www.europesays.com\/pt\/wp-json\/wp\/v2\/posts"}],"about":[{"href":"https:\/\/www.europesays.com\/pt\/wp-json\/wp\/v2\/types\/post"}],"author":[{"embeddable":true,"href":"https:\/\/www.europesays.com\/pt\/wp-json\/wp\/v2\/users\/2"}],"replies":[{"embeddable":true,"href":"https:\/\/www.europesays.com\/pt\/wp-json\/wp\/v2\/comments?post=195660"}],"version-history":[{"count":0,"href":"https:\/\/www.europesays.com\/pt\/wp-json\/wp\/v2\/posts\/195660\/revisions"}],"wp:featuredmedia":[{"embeddable":true,"href":"https:\/\/www.europesays.com\/pt\/wp-json\/wp\/v2\/media\/195661"}],"wp:attachment":[{"href":"https:\/\/www.europesays.com\/pt\/wp-json\/wp\/v2\/media?parent=195660"}],"wp:term":[{"taxonomy":"category","embeddable":true,"href":"https:\/\/www.europesays.com\/pt\/wp-json\/wp\/v2\/categories?post=195660"},{"taxonomy":"post_tag","embeddable":true,"href":"https:\/\/www.europesays.com\/pt\/wp-json\/wp\/v2\/tags?post=195660"}],"curies":[{"name":"wp","href":"https:\/\/api.w.org\/{rel}","templated":true}]}}