{"id":195662,"date":"2025-12-20T04:35:10","date_gmt":"2025-12-20T04:35:10","guid":{"rendered":"https:\/\/www.europesays.com\/pt\/195662\/"},"modified":"2025-12-20T04:35:10","modified_gmt":"2025-12-20T04:35:10","slug":"ator-chega-aos-45-anos-com-patrimonio-de-r-480-milhoes-e-polemica-de-ex-namorado-vilao-de-cantora-idolatrada","status":"publish","type":"post","link":"https:\/\/www.europesays.com\/pt\/195662\/","title":{"rendered":"Ator chega aos 45 anos com patrim\u00f4nio de R$ 480 milh\u00f5es e pol\u00eamica de &#8216;ex-namorado vil\u00e3o&#8217; de cantora idolatrada"},"content":{"rendered":"<p>Nesta sexta-feira, 19 de dezembro, um dos rostos mais vers\u00e1teis de Hollywood apaga as velinhas. <a href=\"https:\/\/caras.com.br\/tags\/jake-gyllenhaal\" rel=\"nofollow noopener\" target=\"_blank\"><strong>Jake Gyllenhaal<\/strong><\/a> completa 45 anos consolidado como uma pot\u00eancia do cinema, mas sua trajet\u00f3ria vai muito al\u00e9m das telas. Entre namoros que viraram hinos pop e uma conta banc\u00e1ria que faria inveja a muitos, o ator carrega trabalhos ic\u00f4nicos e pol\u00eamicas na sua vida pessoal.<\/p>\n<p>\t A fortuna de meio bilh\u00e3o <\/p>\n<p>Embora mantenha um estilo de vida relativamente discreto em Nova York, os n\u00fameros do ator s\u00e3o expressivos. Ele tem um patrim\u00f4nio l\u00edquido estimado em 80 milh\u00f5es de d\u00f3lares (aproximadamente R$ 480 milh\u00f5es na cota\u00e7\u00e3o atual).<\/p>\n<p>Sua conta banc\u00e1ria deu saltos significativos com alguns trabalhos na sua carreira como ator, como Spider-Man: Far From Home, onde interpretou o vil\u00e3o <strong>Mysterio<\/strong>, e o recente remake de Matador de Aluguel, que se tornou um dos maiores sucessos da plataforma em 2024.<\/p>\n<p> O vil\u00e3o favorito das swifties <\/p>\n<p>Nenhuma conversa sobre a vida pessoal de Jake \u00e9 completa sem mencionar <a href=\"https:\/\/caras.com.br\/perfil\/taylor-swift\" rel=\"nofollow noopener\" target=\"_blank\"><strong>Taylor Swift<\/strong><\/a>. O breve namoro, em 2010, quando ela tinha 20 anos e ele 29, ficou ainda mais falado depois do lan\u00e7amento de All Too Well.<\/p>\n<p>Embora Jake tenha tentado se distanciar da narrativa, afirmando em entrevistas recentes que a m\u00fasica \u201c\u00e9 sobre a express\u00e3o dela e n\u00e3o sobre ele\u201d, o estigma de \u201cex-namorado t\u00f3xico\u201d ainda o persegue nas redes sociais.<\/p>\n<p><strong>Leia tamb\u00e9m<\/strong>: <a href=\"https:\/\/caras.com.br\/musica\/taylor-swift-quebra-recorde-historico-na-billboard-hot-100-com-all-too-well.phtml\" rel=\"nofollow noopener\" target=\"_blank\">Taylor Swift quebra recorde hist\u00f3rico na Billboard Hot 100 com \u2018All Too Well\u2019<\/a><\/p>\n<p> Namoros <\/p>\n<p>Al\u00e9m de Taylor Swift, a lista de ex-namoradas de Jake \u00e9 extensa:<\/p>\n<ul>\n<li><strong>Kirsten Dunst<\/strong>: viveu um romance intenso no in\u00edcio dos anos 2000;<\/li>\n<li><strong>Reese Witherspoon<\/strong>: relacionamento de dois anos que terminou porque Jake queria casamento e Reese, rec\u00e9m-divorciada, ainda n\u00e3o estava pronta;<\/li>\n<li><strong>Jeanne Cadieu<\/strong>: sua atual companheira, uma modelo francesa 16 anos mais jovem. A diferen\u00e7a de idade, ali\u00e1s, \u00e9 um dos pontos que cr\u00edticos e f\u00e3s frequentemente apontam como um padr\u00e3o pol\u00eamico em sua vida amorosa.<\/li>\n<\/ul>\n<p> Carreira <\/p>\n<p>Se na vida pessoal ele atrai pol\u00eamica, na profissional atrai aclama\u00e7\u00e3o. O ator deixou o mundo chocado com a magreza em O Abutre e, anos depois, surgiu com muitos m\u00fasculos para Nocaute.<\/p>\n<p>Para 2026, a expectativa gira em torno de The Bride, onde contracenar\u00e1 com <strong>Christian Bale<\/strong> sob a dire\u00e7\u00e3o de sua irm\u00e3, Maggie. O filme promete ser mais um mergulho sombrio em sua filmografia, que j\u00e1 conta com cl\u00e1ssicos como <strong>Donnie Darko<\/strong> e <strong>Brokeback Mountain<\/strong>.<\/p>\n<p> ACOMPANHE AS <a href=\"https:\/\/www.instagram.com\/carasbrasil\/\" rel=\"nofollow noopener\" target=\"_blank\">REDES SOCIAIS<\/a> DA CARAS BRASIL E FIQUE POR DENTRO DE TUDO O QUE ACONTECE NO MUNDO DOS FAMOSOS: <\/p>\n<blockquote class=\"instagram-media\" style=\"background: #FFF; border: 0; border-radius: 3px; box-shadow: 0 0 1px 0 rgba(0,0,0,0.5),0 1px 10px 0 rgba(0,0,0,0.15); margin: 1px; max-width: 540px; min-width: 326px; padding: 0; width: calc(100% - 2px);\" data-instgrm-permalink=\"https:\/\/www.instagram.com\/p\/DSdLuiKjeaO\/?utm_source=ig_embed&amp;utm_campaign=loading\" data-instgrm-version=\"14\"><\/blockquote>\n<p>        <a href=\"https:\/\/caras.com.br\/autor\/ana-julia-resende\" rel=\"nofollow noopener\" target=\"_blank\">&#13;<br \/>\n          <img loading=\"lazy\" decoding=\"async\" alt=\"Ana Julia Resende\" src=\"https:\/\/www.europesays.com\/pt\/wp-content\/uploads\/2025\/12\/ana-julia-resende-reporter-150x150.jpeg\" class=\"avatar avatar-115 photo rounded-circle\" height=\"115\" width=\"115\"\/>        <\/a><\/p>\n<p>Ana J\u00falia Resende \u00e9 jornalista formada pela Faculdade C\u00e1sper L\u00edbero. Apaixonada pela comunica\u00e7\u00e3o e por contar boas hist\u00f3rias, escreve sobre celebridades, filmes e cultura.<\/p>\n<ul class=\"terms-list post_tag list-inline\">\n<li class=\"jake-gyllenhaal list-inline-item\">\n\t\t\t\t\t<a href=\"https:\/\/caras.com.br\/tags\/jake-gyllenhaal\" class=\"item-category\" rel=\"nofollow noopener\" target=\"_blank\">jake Gyllenhaal<\/a>\n\t\t\t\t<\/li>\n<li class=\"taylor-swift list-inline-item\">\n\t\t\t\t\t<a href=\"https:\/\/caras.com.br\/tags\/taylor-swift\" class=\"item-category\" rel=\"nofollow noopener\" target=\"_blank\">Taylor Swift<\/a>\n\t\t\t\t<\/li>\n<\/ul>\n<p>\t                                            <script async src=\"\/\/www.instagram.com\/embed.js\"><\/script><\/p>\n","protected":false},"excerpt":{"rendered":"Nesta sexta-feira, 19 de dezembro, um dos rostos mais vers\u00e1teis de Hollywood apaga as velinhas. Jake Gyllenhaal completa&hellip;\n","protected":false},"author":2,"featured_media":195663,"comment_status":"","ping_status":"","sticky":false,"template":"","format":"standard","meta":{"footnotes":""},"categories":[145],"tags":[211,210,114,115,30460,32,33,1973],"class_list":{"0":"post-195662","1":"post","2":"type-post","3":"status-publish","4":"format-standard","5":"has-post-thumbnail","7":"category-celebridades","8":"tag-celebridades","9":"tag-celebrities","10":"tag-entertainment","11":"tag-entretenimento","12":"tag-jake-gyllenhaal","13":"tag-portugal","14":"tag-pt","15":"tag-taylor-swift"},"share_on_mastodon":{"url":"https:\/\/pubeurope.com\/@pt\/115750038912591976","error":""},"_links":{"self":[{"href":"https:\/\/www.europesays.com\/pt\/wp-json\/wp\/v2\/posts\/195662","targetHints":{"allow":["GET"]}}],"collection":[{"href":"https:\/\/www.europesays.com\/pt\/wp-json\/wp\/v2\/posts"}],"about":[{"href":"https:\/\/www.europesays.com\/pt\/wp-json\/wp\/v2\/types\/post"}],"author":[{"embeddable":true,"href":"https:\/\/www.europesays.com\/pt\/wp-json\/wp\/v2\/users\/2"}],"replies":[{"embeddable":true,"href":"https:\/\/www.europesays.com\/pt\/wp-json\/wp\/v2\/comments?post=195662"}],"version-history":[{"count":0,"href":"https:\/\/www.europesays.com\/pt\/wp-json\/wp\/v2\/posts\/195662\/revisions"}],"wp:featuredmedia":[{"embeddable":true,"href":"https:\/\/www.europesays.com\/pt\/wp-json\/wp\/v2\/media\/195663"}],"wp:attachment":[{"href":"https:\/\/www.europesays.com\/pt\/wp-json\/wp\/v2\/media?parent=195662"}],"wp:term":[{"taxonomy":"category","embeddable":true,"href":"https:\/\/www.europesays.com\/pt\/wp-json\/wp\/v2\/categories?post=195662"},{"taxonomy":"post_tag","embeddable":true,"href":"https:\/\/www.europesays.com\/pt\/wp-json\/wp\/v2\/tags?post=195662"}],"curies":[{"name":"wp","href":"https:\/\/api.w.org\/{rel}","templated":true}]}}