{"id":195668,"date":"2025-12-20T04:46:15","date_gmt":"2025-12-20T04:46:15","guid":{"rendered":"https:\/\/www.europesays.com\/pt\/195668\/"},"modified":"2025-12-20T04:46:15","modified_gmt":"2025-12-20T04:46:15","slug":"organizacoes-exigem-que-portugal-condene-agressoes-dos-eua-observador","status":"publish","type":"post","link":"https:\/\/www.europesays.com\/pt\/195668\/","title":{"rendered":"Organiza\u00e7\u00f5es exigem que Portugal condene agress\u00f5es dos EUA \u2013 Observador"},"content":{"rendered":"<p>Seis organiza\u00e7\u00f5es, incluindo a central sindical CGTP, exigiram esta quinta-feira numa carta aberta dirigida ao primeiro-ministro que o Governo condene as \u201camea\u00e7as e agress\u00f5es\u201d da administra\u00e7\u00e3o norte-americana de Donald Trump contra a Venezuela e outros pa\u00edses das Cara\u00edbas.<\/p>\n<p>\u201c<strong>O Governo deve tomar uma posi\u00e7\u00e3o de condena\u00e7\u00e3o destas amea\u00e7as e agress\u00f5es abertas que est\u00e3o a ser feitas pelos Estados Unidos da Am\u00e9rica<\/strong>, em viola\u00e7\u00e3o do Direito Internacional\u201d, disse \u00e0 Lusa Isabel Camarinha, em representa\u00e7\u00e3o do Conselho Portugu\u00eas para a Paz e Coopera\u00e7\u00e3o (CPPC), um dos movimentos que subscreve a carta aberta.<\/p>\n<p>Para as organiza\u00e7\u00f5es, o Governo de Lu\u00eds Montenegro \u201cdeve condenar essa postura dos Estados Unidos, defendendo os interesses tamb\u00e9m do povo portugu\u00eas, nomeadamente da<strong> comunidade portuguesa que vive na Venezuela<\/strong>, que \u00e9 muit\u00edssimo numerosa\u201d.<\/p>\n<p>Portugal deve tamb\u00e9m fazer press\u00e3o junto da Uni\u00e3o Europeia para que se pronuncie, defendeu.<\/p>\n<p>Representantes dos signat\u00e1rios pediram uma audi\u00eancia ao primeiro-ministro \u2014 que est\u00e1 esta quinta-feira no Conselho Europeu, em Bruxelas \u2014, e entregaram esta manh\u00e3 a carta aberta na resid\u00eancia oficial de S\u00e3o Bento.<\/p>\n<p>Na carta, <strong>as organiza\u00e7\u00f5es transmitem \u201cser\u00edssimas preocupa\u00e7\u00f5es\u201d perante o \u201cdesrespeito dos princ\u00edpios do Direito Internacional<\/strong>, consagrados na Carta das Na\u00e7\u00f5es Unidas, que reconhecem a soberania e os direitos dos povos, incluindo \u00e0 paz, ao desenvolvimento e a disporem dos seus recursos\u201d, indicou a representante.<\/p>\n<p>\u201cA intensifica\u00e7\u00e3o do bloqueio contra Cuba, as medidas coercivas contra a Nicar\u00e1gua ou as press\u00f5es e as medidas econ\u00f3micas e pol\u00edticas contra o Brasil, o M\u00e9xico e outros Estados, revelam as inten\u00e7\u00f5es dos EUA de imporem o seu dom\u00ednio sobre esta regi\u00e3o\u201d, referem as organiza\u00e7\u00f5es, no documento.<\/p>\n<p>Isabel Camarinha comentou ainda not\u00edcias que davam conta que o Presidente Donald Trump iria declarar guerra \u00e0 Venezuela na quarta-feira e que os membros do Congresso dos EUA j\u00e1 teriam sido informados disso.<\/p>\n<p>\u201cS\u00f3 torna a situa\u00e7\u00e3o ainda mais grave\u201d, considerou, sublinhando que as Na\u00e7\u00f5es Unidas devem tamb\u00e9m \u201ctomar uma posi\u00e7\u00e3o\u201d.<\/p>\n<p>A respons\u00e1vel recordou que os EUA \u201cj\u00e1 assassinaram um conjunto grande de pessoas\u201d \u2014\u00a0quase 100 \u2014\u00a0nos ataques a barcos alegadamente envolvidos no tr\u00e1fico de droga.<\/p>\n<p>\u201cEsta quest\u00e3o do narcotr\u00e1fico \u00e9 apenas um pretexto que os Estados Unidos est\u00e3o a utilizar para tentar tomar posse das riquezas naturais que a Venezuela, nomeadamente o petr\u00f3leo\u201d, considerou.<\/p>\n<p>Na semana passada, o Comando Sul norte-americano, que atacou mais de tr\u00eas dezenas de embarca\u00e7\u00f5es e executou 95 tripulantes alegadamente ligados ao narcotr\u00e1fico nas Cara\u00edbas e no Pac\u00edfico Leste, apreendeu em \u00e1guas internacionais o petroleiro \u201cSkipper\u201d, que transportava crude venezuelano.<\/p>\n<p>As organiza\u00e7\u00f5es denunciam esta apreens\u00e3o como \u201ccompletamente inadmiss\u00edvel, \u00e0 luz do Direito comercial internacional\u201d.<\/p>\n<p>Os Estados Unidos tamb\u00e9m refor\u00e7aram a presen\u00e7a militar no mar das Cara\u00edbas desde agosto, sob o argumento da luta contra o narcotr\u00e1fico, enviando para a regi\u00e3o em outubro o maior porta-avi\u00f5es do mundo, o USS Gerald R. Ford, com cerca de 5.000 militares a bordo e 75 avi\u00f5es de combate, incluindo ca\u00e7as F-18, com uma escolta de cinco contratorpedeiros.<\/p>\n<p>No final de outubro, o n\u00famero de soldados norte-americanos no sul das Cara\u00edbas e na base militar dos Estados Unidos em Porto Rico ascendia a 10.000, metade dos quais a bordo de oito navios.<\/p>\n<p>Na ter\u00e7a-feira, o Presidente Trump ordenou um bloqueio total \u00e0 entrada e sa\u00edda da Venezuela de navios petrol\u00edferos sancionados pelo Governo norte-americano.<\/p>\n<p>A carta aberta \u00e9 subscrita pela Associa\u00e7\u00e3o de Amizade Portugal-Cuba, Associa\u00e7\u00e3o Portuguesa de Juristas Democratas, CGTP \u2014 Intersindical Nacional, Conselho Portugu\u00eas para a Paz e Coopera\u00e7\u00e3o, Movimento Democr\u00e1tico de Mulheres e Projeto Ru\u00eddo \u2013 Associa\u00e7\u00e3o Juvenil.<\/p>\n","protected":false},"excerpt":{"rendered":"Seis organiza\u00e7\u00f5es, incluindo a central sindical CGTP, exigiram esta quinta-feira numa carta aberta dirigida ao primeiro-ministro que o&hellip;\n","protected":false},"author":2,"featured_media":195669,"comment_status":"","ping_status":"","sticky":false,"template":"","format":"standard","meta":{"footnotes":""},"categories":[50],"tags":[624,27,28,12183,476,623,15,16,301,14,25,26,21,22,62,12,13,19,20,302,23,24,2393,17,18,849,29,30,31,63,64,65],"class_list":{"0":"post-195668","1":"post","2":"type-post","3":"status-publish","4":"format-standard","5":"has-post-thumbnail","7":"category-mundo","8":"tag-amu00e9rica","9":"tag-breaking-news","10":"tag-breakingnews","11":"tag-cgtp","12":"tag-economia","13":"tag-estados-unidos-da-amu00e9rica","14":"tag-featured-news","15":"tag-featurednews","16":"tag-governo","17":"tag-headlines","18":"tag-latest-news","19":"tag-latestnews","20":"tag-main-news","21":"tag-mainnews","22":"tag-mundo","23":"tag-news","24":"tag-noticias","25":"tag-noticias-principais","26":"tag-noticiasprincipais","27":"tag-polu00edtica","28":"tag-principais-noticias","29":"tag-principaisnoticias","30":"tag-sindicatos","31":"tag-top-stories","32":"tag-topstories","33":"tag-trabalho","34":"tag-ultimas","35":"tag-ultimas-noticias","36":"tag-ultimasnoticias","37":"tag-world","38":"tag-world-news","39":"tag-worldnews"},"share_on_mastodon":{"url":"","error":"Validation failed: Text character limit of 500 exceeded"},"_links":{"self":[{"href":"https:\/\/www.europesays.com\/pt\/wp-json\/wp\/v2\/posts\/195668","targetHints":{"allow":["GET"]}}],"collection":[{"href":"https:\/\/www.europesays.com\/pt\/wp-json\/wp\/v2\/posts"}],"about":[{"href":"https:\/\/www.europesays.com\/pt\/wp-json\/wp\/v2\/types\/post"}],"author":[{"embeddable":true,"href":"https:\/\/www.europesays.com\/pt\/wp-json\/wp\/v2\/users\/2"}],"replies":[{"embeddable":true,"href":"https:\/\/www.europesays.com\/pt\/wp-json\/wp\/v2\/comments?post=195668"}],"version-history":[{"count":0,"href":"https:\/\/www.europesays.com\/pt\/wp-json\/wp\/v2\/posts\/195668\/revisions"}],"wp:featuredmedia":[{"embeddable":true,"href":"https:\/\/www.europesays.com\/pt\/wp-json\/wp\/v2\/media\/195669"}],"wp:attachment":[{"href":"https:\/\/www.europesays.com\/pt\/wp-json\/wp\/v2\/media?parent=195668"}],"wp:term":[{"taxonomy":"category","embeddable":true,"href":"https:\/\/www.europesays.com\/pt\/wp-json\/wp\/v2\/categories?post=195668"},{"taxonomy":"post_tag","embeddable":true,"href":"https:\/\/www.europesays.com\/pt\/wp-json\/wp\/v2\/tags?post=195668"}],"curies":[{"name":"wp","href":"https:\/\/api.w.org\/{rel}","templated":true}]}}