{"id":195670,"date":"2025-12-20T04:49:12","date_gmt":"2025-12-20T04:49:12","guid":{"rendered":"https:\/\/www.europesays.com\/pt\/195670\/"},"modified":"2025-12-20T04:49:12","modified_gmt":"2025-12-20T04:49:12","slug":"marido-de-isabel-veloso-desabafa-em-carta-aberta-apos-momento-del","status":"publish","type":"post","link":"https:\/\/www.europesays.com\/pt\/195670\/","title":{"rendered":"Marido de Isabel Veloso desabafa em carta aberta ap\u00f3s momento del"},"content":{"rendered":"<p>Lucas Borbas, 26 anos, esposo de Isabel Veloso, 19 anos, recorreu \u00e0s redes sociais nesta sexta-feira (19\/12) para publicar uma carta aberta.<\/p>\n<p>Ele fez um desabafo emocionante sobre o momento delicado vivido pela esposa. No texto, Lucas afirmou que entrega tudo \u201cnas m\u00e3os de Deus\u201d, ressaltando que o gesto n\u00e3o representa desist\u00eancia, mas um ato de amor e f\u00e9.<\/p>\n<p>\u201cCom a alma rasgada, entrego o melhor nas m\u00e3os de Deus. N\u00e3o por desist\u00eancia, mas por amor\u201d, escreveu ele, ao expressar seus sentimentos diante dos desafios enfrentados por Isabel. A publica\u00e7\u00e3o emocionou seguidores, que enviaram in\u00fameras mensagens de apoio e solidariedade ao casal.<\/p>\n<p>A carta foi interpretada pelos f\u00e3s como uma demonstra\u00e7\u00e3o de for\u00e7a, esperan\u00e7a e uni\u00e3o, refor\u00e7ando a f\u00e9 como um pilar essencial neste per\u00edodo sens\u00edvel.<\/p>\n<p>\u00a0<\/p>\n<p>\u00a0<\/p>\n<p>\u00a0<\/p>\n<blockquote class=\"instagram-media\" style=\"background: #FFF; border: 0; border-radius: 3px; box-shadow: 0 0 1px 0 rgba(0,0,0,0.5),0 1px 10px 0 rgba(0,0,0,0.15); margin: 1px; max-width: 540px; min-width: 326px; padding: 0; width: calc(100% - 2px);\" data-instgrm-captioned=\"\" data-instgrm-permalink=\"https:\/\/www.instagram.com\/p\/DSdMcw_ERtX\/?utm_source=ig_embed&amp;utm_campaign=loading\" data-instgrm-version=\"14\"><p>&#13;<br \/>\n&#13;\n<\/p><\/blockquote>\n<p>            <script async src=\"\/\/www.instagram.com\/embed.js\"><\/script><\/p>\n","protected":false},"excerpt":{"rendered":"Lucas Borbas, 26 anos, esposo de Isabel Veloso, 19 anos, recorreu \u00e0s redes sociais nesta sexta-feira (19\/12) para&hellip;\n","protected":false},"author":2,"featured_media":178975,"comment_status":"","ping_status":"","sticky":false,"template":"","format":"standard","meta":{"footnotes":""},"categories":[145],"tags":[211,210,114,115,7733,32,33],"class_list":{"0":"post-195670","1":"post","2":"type-post","3":"status-publish","4":"format-standard","5":"has-post-thumbnail","7":"category-celebridades","8":"tag-celebridades","9":"tag-celebrities","10":"tag-entertainment","11":"tag-entretenimento","12":"tag-isabel-veloso","13":"tag-portugal","14":"tag-pt"},"share_on_mastodon":{"url":"https:\/\/pubeurope.com\/@pt\/115750093687652308","error":""},"_links":{"self":[{"href":"https:\/\/www.europesays.com\/pt\/wp-json\/wp\/v2\/posts\/195670","targetHints":{"allow":["GET"]}}],"collection":[{"href":"https:\/\/www.europesays.com\/pt\/wp-json\/wp\/v2\/posts"}],"about":[{"href":"https:\/\/www.europesays.com\/pt\/wp-json\/wp\/v2\/types\/post"}],"author":[{"embeddable":true,"href":"https:\/\/www.europesays.com\/pt\/wp-json\/wp\/v2\/users\/2"}],"replies":[{"embeddable":true,"href":"https:\/\/www.europesays.com\/pt\/wp-json\/wp\/v2\/comments?post=195670"}],"version-history":[{"count":0,"href":"https:\/\/www.europesays.com\/pt\/wp-json\/wp\/v2\/posts\/195670\/revisions"}],"wp:featuredmedia":[{"embeddable":true,"href":"https:\/\/www.europesays.com\/pt\/wp-json\/wp\/v2\/media\/178975"}],"wp:attachment":[{"href":"https:\/\/www.europesays.com\/pt\/wp-json\/wp\/v2\/media?parent=195670"}],"wp:term":[{"taxonomy":"category","embeddable":true,"href":"https:\/\/www.europesays.com\/pt\/wp-json\/wp\/v2\/categories?post=195670"},{"taxonomy":"post_tag","embeddable":true,"href":"https:\/\/www.europesays.com\/pt\/wp-json\/wp\/v2\/tags?post=195670"}],"curies":[{"name":"wp","href":"https:\/\/api.w.org\/{rel}","templated":true}]}}