{"id":195689,"date":"2025-12-20T05:31:41","date_gmt":"2025-12-20T05:31:41","guid":{"rendered":"https:\/\/www.europesays.com\/pt\/195689\/"},"modified":"2025-12-20T05:31:41","modified_gmt":"2025-12-20T05:31:41","slug":"marcelo-veta-e-devolve-ao-parlamento-alteracoes-a-lei-da-nacionalidade-lei-da-nacionalidade","status":"publish","type":"post","link":"https:\/\/www.europesays.com\/pt\/195689\/","title":{"rendered":"Marcelo veta e devolve ao Parlamento altera\u00e7\u00f5es \u00e0 Lei da Nacionalidade | Lei da Nacionalidade"},"content":{"rendered":"<p>O Presidente da Rep\u00fablica vetou e devolveu \u00e0 Assembleia da Rep\u00fablica os decretos que <a href=\"https:\/\/www.publico.pt\/2025\/12\/15\/sociedade\/noticia\/filhos-descendentes-crimes-exigencias-muda-lei-nacionalidade-2158124\" rel=\"nofollow noopener\" target=\"_blank\">alteram a Lei da Nacionalidade<\/a>, depois de o Tribunal Constitucional ter <a href=\"https:\/\/www.publico.pt\/2025\/12\/15\/politica\/noticia\/tribunal-constitucional-chumba-dois-diplomas-governo-nacionalidade-2158138\" rel=\"nofollow noopener\" target=\"_blank\">declarado inconstitucionais <\/a>quatro normas e o aditamento ao c\u00f3digo penal, que abria a porta \u00e0 perda da nacionalidade.<\/p>\n<p>A informa\u00e7\u00e3o foi avan\u00e7ada atrav\u00e9s de uma <a href=\"https:\/\/www.presidencia.pt\/atualidade\/toda-a-atualidade\/2025\/12\/presidente-da-republica-vetou-alteracoes-a-lei-da-nacionalidade\/\" target=\"_blank\" rel=\"nofollow noopener\">nota<\/a> publicada no site na Presid\u00eancia da Rep\u00fablica, nesta sexta-feira. &#8220;Na sequ\u00eancia dos Ac\u00f3rd\u00e3os do Tribunal Constitucional que consideraram inconstitucionais normas dos diplomas submetidos a fiscaliza\u00e7\u00e3o preventiva da constitucionalidade, o Presidente da Rep\u00fablica devolveu \u00e0 Assembleia da Rep\u00fablica, sem promulga\u00e7\u00e3o, como \u00e9 obrigado nos termos do artigo 279.\u00ba, 1. da Constitui\u00e7\u00e3o, os Decretos da Assembleia da Rep\u00fablica n.\u00ba 17\/XVII e n.\u00ba 18\/XVII, alterando, respectivamente a Lei da Nacionalidade e o C\u00f3digo Penal&#8221;, l\u00ea-se.<\/p>\n<p>Marcelo Rebelo de Sousa partilha ainda a mensagem que enviou a Jos\u00e9 Pedro Aguiar-Branco, a acompanhar os decretos que agora devolve ao Parlamento. Na comunica\u00e7\u00e3o enviada ao presidente da Assembleia da Rep\u00fablica, o chefe de Estado sublinha que o artigo 279.\u00ba, n.\u00ba 1, da Constitui\u00e7\u00e3o, estabelece que \u201c'[s]e o Tribunal Constitucional se pronunciar pela inconstitucionalidade (&#8230;) dever\u00e1 o diploma ser vetado pelo Presidente da Rep\u00fablica ou pelo Representante da Rep\u00fablica, conforme os casos, e devolvido ao \u00f3rg\u00e3o que o tiver aprovado&#8217;\u201d.<\/p>\n<p>Na passada segunda-feira, o Tribunal Constitucional declarou inconstitucionais quatro normas da Lei da Nacionalidade,<a href=\"https:\/\/www.publico.pt\/2025\/12\/15\/politica\/noticia\/juizes-palacio-ratton-temse-dividido-temas-fracturantes-diferente-2158214\" rel=\"nofollow noopener\" target=\"_blank\"> tr\u00eas das quais por unanimidade<\/a>. Sobre o aditamento ao C\u00f3digo Penal, que previa a possibilidade de perda da nacionalidade, os ju\u00edzes consideraram que n\u00e3o s\u00e3o respeitados os princ\u00edpios da igualdade e da proporcionalidade.<\/p>\n<p>Apesar do chumbo, por parte dos ju\u00edzes do Pal\u00e1cio Ratton, \u00e0 nova Lei da Nacionalidade, o ministro da Presid\u00eancia, com a pasta da imigra\u00e7\u00e3o, Ant\u00f3nio Leit\u00e3o Amaro, est\u00e1 confiante de que a legisla\u00e7\u00e3o vai avan\u00e7ar. &#8220;Creio que vai acontecer \u00e0 Lei da Nacionalidade a mesma coisa que aconteceu \u00e0 lei de estrangeiros: vai acontecer. E vai mudar a realidade portuguesa, no sentido que os portugueses querem e o pa\u00eds precisa&#8221;, disse, na <a href=\"https:\/\/www.publico.pt\/2025\/12\/17\/politica\/noticia\/lei-nacionalidade-vai-acontecer-garante-leitao-amaro-apos-chumbo-tribunal-constitucional-2158429\" rel=\"nofollow noopener\" target=\"_blank\">confer\u00eancia de imprensa<\/a> que se seguiu ao \u00faltimo Conselho de Ministros.<\/p>\n","protected":false},"excerpt":{"rendered":"O Presidente da Rep\u00fablica vetou e devolveu \u00e0 Assembleia da Rep\u00fablica os decretos que alteram a Lei da&hellip;\n","protected":false},"author":2,"featured_media":195690,"comment_status":"","ping_status":"","sticky":false,"template":"","format":"standard","meta":{"footnotes":""},"categories":[8],"tags":[27,28,15,16,301,14,1481,25,26,1765,21,22,588,12,13,19,20,4532,52,32,1963,23,24,33,17,18,298,29,30,31],"class_list":{"0":"post-195689","1":"post","2":"type-post","3":"status-publish","4":"format-standard","5":"has-post-thumbnail","7":"category-principais-noticias","8":"tag-breaking-news","9":"tag-breakingnews","10":"tag-featured-news","11":"tag-featurednews","12":"tag-governo","13":"tag-headlines","14":"tag-imigracao","15":"tag-latest-news","16":"tag-latestnews","17":"tag-lei-da-nacionalidade","18":"tag-main-news","19":"tag-mainnews","20":"tag-marcelo-rebelo-de-sousa","21":"tag-news","22":"tag-noticias","23":"tag-noticias-principais","24":"tag-noticiasprincipais","25":"tag-parlamento","26":"tag-politica","27":"tag-portugal","28":"tag-presidente-da-republica","29":"tag-principais-noticias","30":"tag-principaisnoticias","31":"tag-pt","32":"tag-top-stories","33":"tag-topstories","34":"tag-tribunal-constitucional","35":"tag-ultimas","36":"tag-ultimas-noticias","37":"tag-ultimasnoticias"},"share_on_mastodon":{"url":"","error":"Validation failed: Text character limit of 500 exceeded"},"_links":{"self":[{"href":"https:\/\/www.europesays.com\/pt\/wp-json\/wp\/v2\/posts\/195689","targetHints":{"allow":["GET"]}}],"collection":[{"href":"https:\/\/www.europesays.com\/pt\/wp-json\/wp\/v2\/posts"}],"about":[{"href":"https:\/\/www.europesays.com\/pt\/wp-json\/wp\/v2\/types\/post"}],"author":[{"embeddable":true,"href":"https:\/\/www.europesays.com\/pt\/wp-json\/wp\/v2\/users\/2"}],"replies":[{"embeddable":true,"href":"https:\/\/www.europesays.com\/pt\/wp-json\/wp\/v2\/comments?post=195689"}],"version-history":[{"count":0,"href":"https:\/\/www.europesays.com\/pt\/wp-json\/wp\/v2\/posts\/195689\/revisions"}],"wp:featuredmedia":[{"embeddable":true,"href":"https:\/\/www.europesays.com\/pt\/wp-json\/wp\/v2\/media\/195690"}],"wp:attachment":[{"href":"https:\/\/www.europesays.com\/pt\/wp-json\/wp\/v2\/media?parent=195689"}],"wp:term":[{"taxonomy":"category","embeddable":true,"href":"https:\/\/www.europesays.com\/pt\/wp-json\/wp\/v2\/categories?post=195689"},{"taxonomy":"post_tag","embeddable":true,"href":"https:\/\/www.europesays.com\/pt\/wp-json\/wp\/v2\/tags?post=195689"}],"curies":[{"name":"wp","href":"https:\/\/api.w.org\/{rel}","templated":true}]}}