{"id":195696,"date":"2025-12-20T05:46:25","date_gmt":"2025-12-20T05:46:25","guid":{"rendered":"https:\/\/www.europesays.com\/pt\/195696\/"},"modified":"2025-12-20T05:46:25","modified_gmt":"2025-12-20T05:46:25","slug":"ricardo-costa-se-o-campeonato-terminasse-hoje-eramos-campeoes-mas-nao-termina","status":"publish","type":"post","link":"https:\/\/www.europesays.com\/pt\/195696\/","title":{"rendered":"Ricardo Costa: \u00abSe o campeonato terminasse hoje \u00e9ramos campe\u00f5es, mas n\u00e3o termina\u00bb"},"content":{"rendered":"<p>            <img decoding=\"async\" src=\"https:\/\/www.europesays.com\/pt\/wp-content\/uploads\/2025\/12\/f1cc3434-5f3c-47ea-a190-3e3690936061.jpg\" alt=\"Ricardo Costa, treinador da equipa de andebol do Sporting. Foto Sporting\" height=\"574\" class=\"w-full object-contain object-top sm:h-[574px]   object-cover\"\/><\/p>\n<p>                Ricardo Costa, treinador do Sporting.          Foto Sporting CP<\/p>\n<p>                Ricardo Costa, treinador do Sporting.          Foto Sporting CP<\/p>\n<p>\n                Ricardo Costa e Jota Gonz\u00e1lez concordam que o Sporting foi mais forte no d\u00e9rbi que fechou a 13.\u00aa jornada do Campeonato Placard, partida em atraso, e que deixa os bicampe\u00f5es na frente invictos decorridas 17 rondas e at\u00e9 o regresso da prova em fevereiros\n            <\/p>\n<p>Com os bicampe\u00f5es nacionais a manterem a invencibilidade no Campeonato Placard cumpridas que est\u00e3o 17 jornadas, o d\u00e9rbi na Luz estava em atraso da 13.\u00aa ronda, e a revelarem uma superioridade face aos demais rivais, Ricardo Costa mostrou-se satisfeito ap\u00f3s o encontro ante o Benfica, ganho por 29-37 (16-21 ao intervalo) e ap\u00f3s ter liderado desde o quarto minuto.<\/p>\n<p>\u00abFoi um jogo dominado por n\u00f3s do in\u00edcio at\u00e9 ao final dos 60 minutos. Esper\u00e1vamos o 7 contra 6. O Benfica tentou de tudo, tem um grande treinador, sem d\u00favida. Mas o Sporting tem um conjunto de jogadores fant\u00e1stico.\u00bb<\/p>\n<p>\u00abN\u00e3o foi um jogo nada f\u00e1cil, mas houve um momento determinante antes do aquecimento: a apari\u00e7\u00e3o do Mikita Vailupau. Estava a sentir a minha equipa fria no aquecimento, e quando esse jogador entrou o pavilh\u00e3o explodiu de alegria, o que serviu de alerta para a nossa equipa\u00bb. <\/p>\n<p>\u00abParab\u00e9ns aos meus atletas, 17 jogos e 17 vit\u00f3rias. N\u00e3o est\u00e1 nada ganho. Se o campeonato terminasse hoje \u00e9ramos campe\u00f5es, mas n\u00e3o termina e n\u00e3o ganh\u00e1mos nada. Fizemos um grande ano de 2025 e temos de continuar a nossa saga. H\u00e1 que descansar e preparar os atletas que v\u00e3o ao Europeu. Fico muito feliz por ver praticamente todos nas sele\u00e7\u00f5es nacionais, o que demonstra a qualidade que temos.\u00bb<\/p>\n<p>            <img decoding=\"async\" src=\"https:\/\/www.europesays.com\/pt\/wp-content\/uploads\/2025\/12\/6613b41f-fff6-4eac-9b1e-31ebcafc0c25.jpg\" alt=\"\" width=\"620\" class=\"1 w-full object-cover\"\/><\/p>\n<p>\u00abPenso que o in\u00edcio foi decisivo. Eles claramente sa\u00edram na frente. N\u00e3o queria arriscar come\u00e7ar com 7 contra 6 porque a partida poderia prolongar-se demasiado.\u00bb<\/p>\n<p>Outro factor condicionante importante \u00e9 a situa\u00e7\u00e3o em que estivemos durante toda a primeira metade da \u00e9poca. Estamos sem nenhum jogador canhoto. Hoje, recuper\u00e1mos o Mikita [Vailupau], mas, por exemplo, obrig\u00e1mos o [Gabriel] Cavalcanti, que estava a regressar de les\u00e3o, a jogar lesionado. Temos muitos desfalques, falta consist\u00eancia. Acho que nos apercebemos disso neste tipo de partidas.\u00bb<\/p>\n<p>\u00abN\u00e3o estamos felizes, quer\u00edamos ganhar, mas estou satisfeito com a atitude da equipa. Todos, com os poucos que t\u00ednhamos, tentaram dar o melhor. Jogar com 7 contra 6 foi uma t\u00e1tica que voltou a funcionar. O resultado parece exagerado, porque tivemos muitas exclus\u00f5es no final.\u00bb<\/p>\n<p>\u00abMostr\u00e1mos car\u00e1cter a maior parte do jogo, jogando esta varia\u00e7\u00e3o t\u00e1tica que temos e funcionou mais ou menos. N\u00e3o defendemos bem no in\u00edcio.\u00bb<\/p>\n","protected":false},"excerpt":{"rendered":"Ricardo Costa, treinador do Sporting. Foto Sporting CP Ricardo Costa, treinador do Sporting. Foto Sporting CP Ricardo Costa&hellip;\n","protected":false},"author":2,"featured_media":195697,"comment_status":"","ping_status":"","sticky":false,"template":"","format":"standard","meta":{"footnotes":""},"categories":[8],"tags":[27,28,15,16,14,25,26,21,22,12,13,19,20,32,23,24,33,17,18,29,30,31],"class_list":{"0":"post-195696","1":"post","2":"type-post","3":"status-publish","4":"format-standard","5":"has-post-thumbnail","7":"category-principais-noticias","8":"tag-breaking-news","9":"tag-breakingnews","10":"tag-featured-news","11":"tag-featurednews","12":"tag-headlines","13":"tag-latest-news","14":"tag-latestnews","15":"tag-main-news","16":"tag-mainnews","17":"tag-news","18":"tag-noticias","19":"tag-noticias-principais","20":"tag-noticiasprincipais","21":"tag-portugal","22":"tag-principais-noticias","23":"tag-principaisnoticias","24":"tag-pt","25":"tag-top-stories","26":"tag-topstories","27":"tag-ultimas","28":"tag-ultimas-noticias","29":"tag-ultimasnoticias"},"share_on_mastodon":{"url":"https:\/\/pubeurope.com\/@pt\/115750318579693314","error":""},"_links":{"self":[{"href":"https:\/\/www.europesays.com\/pt\/wp-json\/wp\/v2\/posts\/195696","targetHints":{"allow":["GET"]}}],"collection":[{"href":"https:\/\/www.europesays.com\/pt\/wp-json\/wp\/v2\/posts"}],"about":[{"href":"https:\/\/www.europesays.com\/pt\/wp-json\/wp\/v2\/types\/post"}],"author":[{"embeddable":true,"href":"https:\/\/www.europesays.com\/pt\/wp-json\/wp\/v2\/users\/2"}],"replies":[{"embeddable":true,"href":"https:\/\/www.europesays.com\/pt\/wp-json\/wp\/v2\/comments?post=195696"}],"version-history":[{"count":0,"href":"https:\/\/www.europesays.com\/pt\/wp-json\/wp\/v2\/posts\/195696\/revisions"}],"wp:featuredmedia":[{"embeddable":true,"href":"https:\/\/www.europesays.com\/pt\/wp-json\/wp\/v2\/media\/195697"}],"wp:attachment":[{"href":"https:\/\/www.europesays.com\/pt\/wp-json\/wp\/v2\/media?parent=195696"}],"wp:term":[{"taxonomy":"category","embeddable":true,"href":"https:\/\/www.europesays.com\/pt\/wp-json\/wp\/v2\/categories?post=195696"},{"taxonomy":"post_tag","embeddable":true,"href":"https:\/\/www.europesays.com\/pt\/wp-json\/wp\/v2\/tags?post=195696"}],"curies":[{"name":"wp","href":"https:\/\/api.w.org\/{rel}","templated":true}]}}