{"id":195703,"date":"2025-12-20T06:00:19","date_gmt":"2025-12-20T06:00:19","guid":{"rendered":"https:\/\/www.europesays.com\/pt\/195703\/"},"modified":"2025-12-20T06:00:19","modified_gmt":"2025-12-20T06:00:19","slug":"como-12-minutos-reacenderam-a-polemica-no-futebol-portugues-observador","status":"publish","type":"post","link":"https:\/\/www.europesays.com\/pt\/195703\/","title":{"rendered":"Como 12 minutos reacenderam a pol\u00e9mica no futebol portugu\u00eas &#8211; Observador"},"content":{"rendered":"<ol>\n<li><a href=\"https:\/\/news.google.com\/rss\/articles\/CBMi_wFBVV95cUxPTzVkcGszZk41cHMxbllsTWlMLWV0eU9wbFlESGJSMHJVV3RCRmxzbnRXTklTM282RmVwcWtoMUV2R3c1Y2RtT0hqWUJJYUpXQXJWVmRzby0tS0pVRDN5WTE1RFpxNjlYbDlTVEhtN1hZVU5mUE1sejRjd1NfVWItaWRnamZfcHJZTmdkSFJ1MDVMbUNwRlBfOXJPR3V5OE50Z2tpRGU3dWV6TkI0STlGNjljaXBzRlVYR3hfTTVRQWM1NHdZQjRCck8yX0t6QzdZQWM1bDN6QmJRdEotQXFuUkNaaFF5anVFVXNJaFlid1Z6MTl5RG1CN1lvaHN6djA?oc=5\" target=\"_blank\" rel=\"nofollow noopener\">Como 12 minutos reacenderam a pol\u00e9mica no futebol portugu\u00eas<\/a>&nbsp;&nbsp;Observador<\/li>\n<li><a href=\"https:\/\/news.google.com\/rss\/articles\/CBMixwFBVV95cUxNRi1zaU5YQjdiRUY5X3NrRDYzU1NwNnExdFltRE95Xy1vM1oxalZiLWhVbUVhX083b1lIRFVUN01UTk5WR0VGVWFxTnRzelVrN1lMY3ZTMzU3aWROX19UZXlBZ2txZlhYOTI0dVFHR3d0VktzeWNCbGttQ3h6WTZhMk9HMW0tUTE1TTlHWkdwSzlUWUJ3VE10SlNpeVctcjVCWXpDWWd3aS1UWWhLbXF3OVBBNTNxOWlBUDdXRXBrZnZyc0N1cV8w?oc=5\" target=\"_blank\" rel=\"nofollow noopener\">Vasco Matos: \u00abHoje \u00e9 um dia negro para o futebol portugu\u00eas\u00bb<\/a>&nbsp;&nbsp;Record<\/li>\n<li><a href=\"https:\/\/news.google.com\/rss\/articles\/CBMiwAFBVV95cUxOci1nWVlNLVFfV3FZejFJaXdlUGF6dnllRE80T1J6aV9zYm1WejhoVkxGWXB0VjA3QXppY2RpOVg2WG9yV3lNb2Y0alZ5c0RON3RlR085UzJBTVdIcVZCWmF0TjFubHRIVGQ1R1R3SlJ1Q2tTTkQ4S3pORnJkWWN6LU5jUWcxTDRRWEpOTGUzMW9ERUU0aEVhRzlTR0hCWGxxM3U2dXdQMHVCZFprQm4zSFBIRTBjSFZVSDZvZmxtWi0?oc=5\" target=\"_blank\" rel=\"nofollow noopener\">Duarte Gomes e o pen\u00e1lti nos A\u00e7ores: \u00abExemplo que n\u00e3o queremos ver repetido\u00bb<\/a>&nbsp;&nbsp;A Bola<\/li>\n<li><a href=\"https:\/\/news.google.com\/rss\/articles\/CBMioAFBVV95cUxQQUZkV3BJN0xXYlM4ZEJacVF6eWJGSVR6Ti1iMkxLNlNTdGZ2N2h1U2dfeURFS1UtY182X3JZNmZWa0xhZnVueU9ZUE11MzM2bTZHYTlZYzRPbGJhWm1yNUF3UkV0YkREWXNmcElEWGRnSWY5VGxtSmc3blpxdGVpdGs1WkNoOFJLYVdNdmVKMGd5bWNkTXMwYWZ6bzMtcUNQ?oc=5\" target=\"_blank\" rel=\"nofollow noopener\">Santa Clara quer anula\u00e7\u00e3o de expuls\u00e3o de Paulo Vitor e \u00e1udios do video\u00e1rbitro do jogo com o Sporting<\/a>&nbsp;&nbsp;Di\u00e1rio de Not\u00edcias<\/li>\n<li><a href=\"https:\/\/news.google.com\/rss\/articles\/CBMiwAFBVV95cUxNaUNaQlNURnpXbDdRTnRCc2FUTXFwNDhiMUZoZ1hubTdCeUltSWY2Qmo1ZW03aUExai14MWdweGZGbnloOUs4bkNrYldhc3VSbk0wYmtRajctUFpfQktDMDJjVjl3cFpqVnVPeVNEY0w2SnQzNU9PY0R0Y29ONXgzdGtTTS1FVmdFWkNENUhsankzVjJVSHFWSTkxR09fRVJGazJyMkpkR2t2SndtRkE2UG5WRUVURWtCNW05d1ppSjc?oc=5\" target=\"_blank\" rel=\"nofollow noopener\">Rui Costa. &#8220;Estive l\u00e1 fora a ver mais um esc\u00e2ndalo do futebol portugu\u00eas&#8221;<\/a>&nbsp;&nbsp;RTP<\/li>\n<\/ol>\n","protected":false},"excerpt":{"rendered":"Como 12 minutos reacenderam a pol\u00e9mica no futebol portugu\u00eas&nbsp;&nbsp;Observador Vasco Matos: \u00abHoje \u00e9 um dia negro para o&hellip;\n","protected":false},"author":2,"featured_media":191528,"comment_status":"","ping_status":"","sticky":false,"template":"","format":"standard","meta":{"footnotes":""},"categories":[8],"tags":[27,28,15,16,14,25,26,21,22,12,13,19,20,32,23,24,33,17,18,29,30,31],"class_list":{"0":"post-195703","1":"post","2":"type-post","3":"status-publish","4":"format-standard","5":"has-post-thumbnail","7":"category-principais-noticias","8":"tag-breaking-news","9":"tag-breakingnews","10":"tag-featured-news","11":"tag-featurednews","12":"tag-headlines","13":"tag-latest-news","14":"tag-latestnews","15":"tag-main-news","16":"tag-mainnews","17":"tag-news","18":"tag-noticias","19":"tag-noticias-principais","20":"tag-noticiasprincipais","21":"tag-portugal","22":"tag-principais-noticias","23":"tag-principaisnoticias","24":"tag-pt","25":"tag-top-stories","26":"tag-topstories","27":"tag-ultimas","28":"tag-ultimas-noticias","29":"tag-ultimasnoticias"},"share_on_mastodon":{"url":"https:\/\/pubeurope.com\/@pt\/115750372928269085","error":""},"_links":{"self":[{"href":"https:\/\/www.europesays.com\/pt\/wp-json\/wp\/v2\/posts\/195703","targetHints":{"allow":["GET"]}}],"collection":[{"href":"https:\/\/www.europesays.com\/pt\/wp-json\/wp\/v2\/posts"}],"about":[{"href":"https:\/\/www.europesays.com\/pt\/wp-json\/wp\/v2\/types\/post"}],"author":[{"embeddable":true,"href":"https:\/\/www.europesays.com\/pt\/wp-json\/wp\/v2\/users\/2"}],"replies":[{"embeddable":true,"href":"https:\/\/www.europesays.com\/pt\/wp-json\/wp\/v2\/comments?post=195703"}],"version-history":[{"count":0,"href":"https:\/\/www.europesays.com\/pt\/wp-json\/wp\/v2\/posts\/195703\/revisions"}],"wp:featuredmedia":[{"embeddable":true,"href":"https:\/\/www.europesays.com\/pt\/wp-json\/wp\/v2\/media\/191528"}],"wp:attachment":[{"href":"https:\/\/www.europesays.com\/pt\/wp-json\/wp\/v2\/media?parent=195703"}],"wp:term":[{"taxonomy":"category","embeddable":true,"href":"https:\/\/www.europesays.com\/pt\/wp-json\/wp\/v2\/categories?post=195703"},{"taxonomy":"post_tag","embeddable":true,"href":"https:\/\/www.europesays.com\/pt\/wp-json\/wp\/v2\/tags?post=195703"}],"curies":[{"name":"wp","href":"https:\/\/api.w.org\/{rel}","templated":true}]}}