{"id":195706,"date":"2025-12-20T06:05:12","date_gmt":"2025-12-20T06:05:12","guid":{"rendered":"https:\/\/www.europesays.com\/pt\/195706\/"},"modified":"2025-12-20T06:05:12","modified_gmt":"2025-12-20T06:05:12","slug":"videoclipe-reune-rap-e-libras-no-df-em-projeto-do-rapper-mano-dablio","status":"publish","type":"post","link":"https:\/\/www.europesays.com\/pt\/195706\/","title":{"rendered":"Videoclipe re\u00fane rap e libras no DF em projeto do rapper Mano D\u00e1blio"},"content":{"rendered":"<p dir=\"ltr\">O rapper e produtor Mano D\u00e1blio lan\u00e7ou o sexto videoclipe da s\u00e9rie Cypher \u2014 Imaterial,\u00a0um projeto que une rap, poesia e a L\u00edngua Brasileira de Sinais (Libras). Gravado em Taguatinga e no Guar\u00e1, Cypher VI re\u00fane cinco artistas da palavra e cinco int\u00e9rpretes tradutoras surdas do Distrito Federal e Entorno. A obra prop\u00f5e uma experi\u00eancia audiovisual in\u00e9dita ao integrar m\u00fasica, corpo e l\u00edngua de sinais em um mesmo plano est\u00e9tico.<\/p>\n<p dir=\"ltr\">Cada artista ocupa um trecho da composi\u00e7\u00e3o, dialogando sobre uma base instrumental comum caracter\u00edstica das cyphers do hip hop. Nas letras e nas vozes, o clipe re\u00fane Mano D\u00e1blio, Fernanda Morgani, Rakel Reis, Estelar e Mihh Black. As performances em Libras s\u00e3o feitas por Rute Catarina, Ana Cristina, Diego Porttela, Adriana Marques e Dayane Barbosa. O formato valoriza a troca coletiva conectando viv\u00eancias, lutas e resist\u00eancias.<\/p>\n<p dir=\"ltr\">O projeto Cypher d\u00e1 continuidade ao Projeto Imaterial, criado em 2019 por Mano D\u00e1blio. A iniciativa\u00a0 foi criada para ampliar a representatividade na cena do rap nacional e se consolida como um s\u00edmbolo de inclus\u00e3o ao destacar mulheres, pessoas negras, pessoas da comunidade LGBTQIAPN+ e a comunidade surda. Al\u00e9m disso, reafirma a Libras n\u00e3o apenas como acessibilidade, mas como linguagem est\u00e9tica e caminho art\u00edstico. O videoclipe j\u00e1 est\u00e1 dispon\u00edvel no Youtube.<\/p>\n<p class=\"texto\">*Estagi\u00e1ria sob a supervis\u00e3o de Nahima Maciel.<\/p>\n<ul>\n<li><a href=\"https:\/\/wa.me\/?text=Videoclipe+re%C3%BAne+rap+e+libras+no+DF+em+projeto+do+rapper+Mano+D%C3%A1blio%20https:\/\/www.correiobraziliense.com.br\/diversao-e-arte\/2025\/12\/7317562-videoclipe-reune-rap-e-libras-no-df-em-projeto-do-rapper-mano-dablio.html\" target=\"_blank\" title=\"Whatsapp\" aria-label=\"WhatsApp\" rel=\"nofollow noopener\"><\/a><\/li>\n<li><a href=\"https:\/\/www.facebook.com\/sharer.php?u=https:\/\/www.correiobraziliense.com.br%2Fdiversao-e-arte%2F2025%2F12%2F7317562-videoclipe-reune-rap-e-libras-no-df-em-projeto-do-rapper-mano-dablio.html&amp;text=Videoclipe+re%C3%BAne+rap+e+libras+no+DF+em+projeto+do+rapper+Mano+D%C3%A1blio\" target=\"_blank\" title=\"Facebook\" aria-label=\"Facebook\" rel=\"nofollow noopener\"><\/a><\/li>\n<li><a href=\"https:\/\/twitter.com\/intent\/tweet?url=https:\/\/www.correiobraziliense.com.br%2Fdiversao-e-arte%2F2025%2F12%2F7317562-videoclipe-reune-rap-e-libras-no-df-em-projeto-do-rapper-mano-dablio.html&amp;text=Videoclipe+re%C3%BAne+rap+e+libras+no+DF+em+projeto+do+rapper+Mano+D%C3%A1blio\" target=\"_blank\" title=\"Twitter\" aria-label=\"Twitter\" rel=\"nofollow noopener\"><\/a><\/li>\n<li><a href=\"https:\/\/profile.google.com\/cp\/CgovbS8wNzZ0dms1\" title=\"Google Discover\" target=\"_blank\" aria-label=\"Google Discover\" rel=\"nofollow noopener\"><img decoding=\"async\" src=\"https:\/\/www.europesays.com\/pt\/wp-content\/uploads\/2025\/12\/google-discover-icon.png\" style=\"height: 25px; margin: 0 !important; margin-left: 3px;\" alt=\"Google Discover Icon\"\/><\/a><\/li>\n<\/ul>\n<p>                          <script async src=\"https:\/\/platform.twitter.com\/widgets.js\" charset=\"utf-8\"><\/script><\/p>\n","protected":false},"excerpt":{"rendered":"O rapper e produtor Mano D\u00e1blio lan\u00e7ou o sexto videoclipe da s\u00e9rie Cypher \u2014 Imaterial,\u00a0um projeto que une&hellip;\n","protected":false},"author":2,"featured_media":195707,"comment_status":"","ping_status":"","sticky":false,"template":"","format":"standard","meta":{"footnotes":""},"categories":[141],"tags":[114,115,39107,149,150,32,4108,33,1641,9113],"class_list":{"0":"post-195706","1":"post","2":"type-post","3":"status-publish","4":"format-standard","5":"has-post-thumbnail","7":"category-musica","8":"tag-entertainment","9":"tag-entretenimento","10":"tag-libras","11":"tag-music","12":"tag-musica","13":"tag-portugal","14":"tag-projeto","15":"tag-pt","16":"tag-rap","17":"tag-rapper"},"share_on_mastodon":{"url":"https:\/\/pubeurope.com\/@pt\/115750392816038325","error":""},"_links":{"self":[{"href":"https:\/\/www.europesays.com\/pt\/wp-json\/wp\/v2\/posts\/195706","targetHints":{"allow":["GET"]}}],"collection":[{"href":"https:\/\/www.europesays.com\/pt\/wp-json\/wp\/v2\/posts"}],"about":[{"href":"https:\/\/www.europesays.com\/pt\/wp-json\/wp\/v2\/types\/post"}],"author":[{"embeddable":true,"href":"https:\/\/www.europesays.com\/pt\/wp-json\/wp\/v2\/users\/2"}],"replies":[{"embeddable":true,"href":"https:\/\/www.europesays.com\/pt\/wp-json\/wp\/v2\/comments?post=195706"}],"version-history":[{"count":0,"href":"https:\/\/www.europesays.com\/pt\/wp-json\/wp\/v2\/posts\/195706\/revisions"}],"wp:featuredmedia":[{"embeddable":true,"href":"https:\/\/www.europesays.com\/pt\/wp-json\/wp\/v2\/media\/195707"}],"wp:attachment":[{"href":"https:\/\/www.europesays.com\/pt\/wp-json\/wp\/v2\/media?parent=195706"}],"wp:term":[{"taxonomy":"category","embeddable":true,"href":"https:\/\/www.europesays.com\/pt\/wp-json\/wp\/v2\/categories?post=195706"},{"taxonomy":"post_tag","embeddable":true,"href":"https:\/\/www.europesays.com\/pt\/wp-json\/wp\/v2\/tags?post=195706"}],"curies":[{"name":"wp","href":"https:\/\/api.w.org\/{rel}","templated":true}]}}