{"id":195710,"date":"2025-12-20T06:13:30","date_gmt":"2025-12-20T06:13:30","guid":{"rendered":"https:\/\/www.europesays.com\/pt\/195710\/"},"modified":"2025-12-20T06:13:30","modified_gmt":"2025-12-20T06:13:30","slug":"juiza-diz-que-advogado-paulo-abreu-dos-santos-agia-apenas-para-satisfazer-os-seus-desejos-libidinosos","status":"publish","type":"post","link":"https:\/\/www.europesays.com\/pt\/195710\/","title":{"rendered":"Ju\u00edza diz que advogado Paulo Abreu dos Santos agia apenas para satisfazer os seus desejos libidinosos"},"content":{"rendered":"<p>Paulo Abreu dos Santos nunca ter\u00e1 assumido perante o tribunal que padece de problemas patol\u00f3gicos nem mostrou vontade em querer receber tratamento, pelo menos nesta fase inicial do processo, em que \u00e9 <a href=\"https:\/\/expresso.pt\/sociedade\/justica\/2025-12-16-adjunto-de-ex-ministra-da-justica-suspeito-de-mais-de-500-crimes-de-pornografia-de-menores-e-dois-de-abuso-de-criancas-45ccd3f3\" target=\"_blank\" rel=\"noopener noreferrer nofollow\">suspeito de 572 crimes<\/a> de pornografia com menores e dois de abuso sexual de crian\u00e7as. A ju\u00edza de instru\u00e7\u00e3o que o interrogou h\u00e1 uma semana no Tribunal Central de Instru\u00e7\u00e3o Criminal considera que o advogado, de 38 anos, tem uma compuls\u00e3o, uma personalidade distorcida a n\u00edvel sexual e que agia apenas para satisfazer os seus instintos libidinosos, sem mostrar autocr\u00edtica pela sua conduta. Al\u00e9m disso, assumiu comportamentos reiterados na procura de ficheiros de abuso e explora\u00e7\u00e3o sexual de crian\u00e7as.<\/p>\n<p><a href=\"https:\/\/expresso.pt\/subscrever?action=GEN&amp;channel=BAF&amp;type=CAP&amp;source=WEB&amp;returnUrl=https:\/\/expresso.pt\/sociedade\/justica\/2025-12-18-juiza-diz-que-advogado-paulo-abreu-dos-santos-agia-apenas-para-satisfazer-os-seus-desejos-libidinosos-62b4576f&amp;utm_source=expresso&amp;utm_medium=locked_article&amp;locked=true&amp;article_id=12bc0e1c-1371-4973-8dfe-c234f4584201&amp;author_id=Hugo+Franco&amp;category=Justi\u00e7a\" target=\"_self\" class=\"\" rel=\"nofollow noopener\">Subscrever<\/a>J\u00e1 \u00e9 Subscritor?Fa\u00e7a login e continue a ler<a href=\"http:\/\/expresso.pt\/codigo?redirectUrl=https:\/\/expresso.pt\/sociedade\/justica\/2025-12-18-juiza-diz-que-advogado-paulo-abreu-dos-santos-agia-apenas-para-satisfazer-os-seus-desejos-libidinosos-62b4576f\" target=\"_self\" class=\"\" rel=\"nofollow noopener\">Inserir C\u00f3digo<\/a>Comprou o Expresso?Insira o c\u00f3digo presente na Revista E para continuar a ler<\/p>\n","protected":false},"excerpt":{"rendered":"Paulo Abreu dos Santos nunca ter\u00e1 assumido perante o tribunal que padece de problemas patol\u00f3gicos nem mostrou vontade&hellip;\n","protected":false},"author":2,"featured_media":195711,"comment_status":"","ping_status":"","sticky":false,"template":"","format":"standard","meta":{"footnotes":""},"categories":[10],"tags":[27,28,15,16,14,25,26,21,22,12,13,19,20,32,23,24,33,17,18,29,30,31],"class_list":{"0":"post-195710","1":"post","2":"type-post","3":"status-publish","4":"format-standard","5":"has-post-thumbnail","7":"category-portugal","8":"tag-breaking-news","9":"tag-breakingnews","10":"tag-featured-news","11":"tag-featurednews","12":"tag-headlines","13":"tag-latest-news","14":"tag-latestnews","15":"tag-main-news","16":"tag-mainnews","17":"tag-news","18":"tag-noticias","19":"tag-noticias-principais","20":"tag-noticiasprincipais","21":"tag-portugal","22":"tag-principais-noticias","23":"tag-principaisnoticias","24":"tag-pt","25":"tag-top-stories","26":"tag-topstories","27":"tag-ultimas","28":"tag-ultimas-noticias","29":"tag-ultimasnoticias"},"share_on_mastodon":{"url":"https:\/\/pubeurope.com\/@pt\/115750424386265882","error":""},"_links":{"self":[{"href":"https:\/\/www.europesays.com\/pt\/wp-json\/wp\/v2\/posts\/195710","targetHints":{"allow":["GET"]}}],"collection":[{"href":"https:\/\/www.europesays.com\/pt\/wp-json\/wp\/v2\/posts"}],"about":[{"href":"https:\/\/www.europesays.com\/pt\/wp-json\/wp\/v2\/types\/post"}],"author":[{"embeddable":true,"href":"https:\/\/www.europesays.com\/pt\/wp-json\/wp\/v2\/users\/2"}],"replies":[{"embeddable":true,"href":"https:\/\/www.europesays.com\/pt\/wp-json\/wp\/v2\/comments?post=195710"}],"version-history":[{"count":0,"href":"https:\/\/www.europesays.com\/pt\/wp-json\/wp\/v2\/posts\/195710\/revisions"}],"wp:featuredmedia":[{"embeddable":true,"href":"https:\/\/www.europesays.com\/pt\/wp-json\/wp\/v2\/media\/195711"}],"wp:attachment":[{"href":"https:\/\/www.europesays.com\/pt\/wp-json\/wp\/v2\/media?parent=195710"}],"wp:term":[{"taxonomy":"category","embeddable":true,"href":"https:\/\/www.europesays.com\/pt\/wp-json\/wp\/v2\/categories?post=195710"},{"taxonomy":"post_tag","embeddable":true,"href":"https:\/\/www.europesays.com\/pt\/wp-json\/wp\/v2\/tags?post=195710"}],"curies":[{"name":"wp","href":"https:\/\/api.w.org\/{rel}","templated":true}]}}