{"id":195714,"date":"2025-12-20T06:15:15","date_gmt":"2025-12-20T06:15:15","guid":{"rendered":"https:\/\/www.europesays.com\/pt\/195714\/"},"modified":"2025-12-20T06:15:15","modified_gmt":"2025-12-20T06:15:15","slug":"vitima-de-cancer-ator-que-morreu-ha-29-anos-deixou-mansao-com-torre-avaliada-em-r-3-milhoes","status":"publish","type":"post","link":"https:\/\/www.europesays.com\/pt\/195714\/","title":{"rendered":"V\u00edtima de c\u00e2ncer, ator que morreu h\u00e1 29 anos deixou mans\u00e3o com torre avaliada em R$ 3 milh\u00f5es"},"content":{"rendered":"<p>Considerado um dos maiores atores da hist\u00f3ria do cinema italiano, <strong>Marcello Mastroianni<\/strong> (1924-1996) morreu h\u00e1 exatos 29 anos, em 19 de dezembro de 1996, aos 72 anos. \u00cdcone do cinema de autor europeu, ele deixou uma carreira com mais de 140 filmes e um patrim\u00f4nio imobili\u00e1rio que inclui uma mans\u00e3o hist\u00f3rica na Toscana, colocada \u00e0 venda anos ap\u00f3s sua morte por cerca de R$ 3 milh\u00f5es.<\/p>\n<p>Marcello Vincenzo Domenico Mastroianni nasceu em 28 de setembro de 1924, na pequena cidade de Fontana Liri, na It\u00e1lia. Iniciou a trajet\u00f3ria art\u00edstica ainda jovem, ap\u00f3s trabalhar como figurante no cinema nos anos 1940. A afirma\u00e7\u00e3o profissional veio no p\u00f3s-guerra, quando passou a atuar tamb\u00e9m no teatro, sob a dire\u00e7\u00e3o de nomes como <strong>Luchino Visconti<\/strong> (1906-1976), que o escalou para montagens de <strong>Shakespeare<\/strong> (1564-1616) e <strong>Tennessee Williams<\/strong> (1911-1983) em Roma.<\/p>\n<p>Nos anos 1950, Mastroianni consolidou-se no cinema italiano ao transitar com naturalidade entre com\u00e9dias e dramas. O reconhecimento definitivo veio com Div\u00f3rcio \u00e0 Italiana (1961), papel que lhe rendeu pr\u00eamios importantes e uma indica\u00e7\u00e3o ao Oscar. Pouco depois, ele se tornaria um astro internacional ao protagonizar dois marcos do cinema mundial: A Doce Vida (1960) e 8\u00bd (1963), ambos dirigidos por <strong>Federico Fellini<\/strong> (1920-1993).<\/p>\n<p>Ao longo da carreira, Mastroianni trabalhou com alguns dos maiores cineastas do s\u00e9culo XX, como <strong>Vittorio De Sica<\/strong> (1901-1974), <strong>Mario Monicelli<\/strong> (1915-2010), <strong>Ettore Scola<\/strong> (1931-2016) e <strong>Marco Ferreri<\/strong> (1928-1997). Formou tamb\u00e9m uma das parcerias mais emblem\u00e1ticas do cinema italiano ao lado de<strong> Sophia Loren<\/strong> (91), com quem atuou em sucessos como Ontem, Hoje e Amanh\u00e3 e Matrim\u00f4nio \u00e0 Italiana. Seu talento lhe rendeu duas Palmas de Melhor Ator no Festival de Cannes, feito alcan\u00e7ado por poucos int\u00e9rpretes na hist\u00f3ria do cinema.<\/p>\n<p>\t Assista a uma cena de Marcello Mastroianni no filme Um Dia Muito Especial: Despedida <\/p>\n<p>Em 1996, o ator descobriu um c\u00e2ncer no p\u00e2ncreas, mas seguiu trabalhando mesmo durante o tratamento. Seu \u00faltimo filme foi Viagem ao Princ\u00edpio do Mundo, dirigido por <strong>Manoel de Oliveira<\/strong> (1908-2015). Marcello Mastroianni morreu em Paris, em seu apartamento, cercado por pessoas pr\u00f3ximas, incluindo a atriz <strong>Catherine Deneuve<\/strong> (82) e a filha <strong>Chiara Mastroianni <\/strong>(53). Ele foi enterrado no cemit\u00e9rio Campo di Verano, em Roma.<\/p>\n<p> <img loading=\"lazy\" decoding=\"async\" class=\"size-full wp-image-75718 img-fluid lazy\" alt=\"Brigitte Bardot e Marcello Mastroianni em Vida Privada \/ foto: Reprodu\u00e7\u00e3o\" width=\"320\" height=\"205\" src=\"https:\/\/www.europesays.com\/pt\/wp-content\/uploads\/2025\/12\/img_106861_brigitte-bardot-e-marcello-mastroianni-em-vida-privada.jpg\"\/>Brigitte Bardot e Marcello Mastroianni em Vida Privada \/ foto: Reprodu\u00e7\u00e3o Casa de Campo <\/p>\n<p>Al\u00e9m do legado art\u00edstico, Mastroianni deixou im\u00f3veis que se tornaram parte da hist\u00f3ria cultural italiana. Um deles \u00e9 uma mans\u00e3o localizada em Pescaglia, na Toscana, adquirida pelo ator em 1974. Constru\u00edda por volta de 1700, a propriedade tem cerca de 900 metros quadrados distribu\u00eddos em tr\u00eas andares, al\u00e9m de torre, adegas, forno, capela e terrenos cercados por oliveiras, vinhedos e bosques. Ap\u00f3s a morte do ator, o im\u00f3vel ficou com as filhas Chiara e <strong>Barbara Mastroianni<\/strong> (1951-2018), que decidiram coloc\u00e1-lo \u00e0 venda em 2014 por cerca de 1,2 milh\u00e3o de euros, o equivalente a aproximadamente R$ 3,4 milh\u00f5es na \u00e9poca.<\/p>\n<p> <img loading=\"lazy\" decoding=\"async\" class=\"size-medium wp-image-1047621 img-fluid lazy\" alt=\"Casa de campo de Marcello Mastroianni em Pescaglia, na Toscana - Foto: Divulga\u00e7\u00e3o\" width=\"406\" height=\"228\" src=\"https:\/\/www.europesays.com\/pt\/wp-content\/uploads\/2025\/12\/Casa-de-campo-de-Marcello-Mastroianni-em-Pescaglia-na-Toscana-406x228.jpg\"  \/>Casa de campo de Marcello Mastroianni em Pescaglia, na Toscana \u2013 Foto: Divulga\u00e7\u00e3o \u2018Verdadeiro para\u00edso terrestre\u2019 <\/p>\n<p>Outro im\u00f3vel ligado ao nome de Mastroianni \u00e9 a c\u00e9lebre Villa La Prora, tamb\u00e9m conhecida como a \u201cvila branca com torres\u201d, situada em Castiglioncello, na Toscana, com vista para a Buca dei Corvi e a antiga estrada Aurelia. Constru\u00edda em estilo Art Nouveau no in\u00edcio da d\u00e9cada de 1920, a casa foi frequentada por grandes nomes do cinema italiano e europeu. Antes de Mastroianni, a vila foi alugada por Luchino Visconti, que passou longos ver\u00f5es no local, e recebeu visitas de artistas como <strong>Alain Delon<\/strong> (1935-2024), <strong>Franco Zeffirelli<\/strong> (1923-2019), as irm\u00e3s Kessler e <strong>Giorgio Albertazzi<\/strong> (1923-2016).<\/p>\n<p><strong>Leia tamb\u00e9m<\/strong>: <a href=\"https:\/\/caras.com.br\/datas-especiais\/idolatrada-cantora-chega-aos-36-anos-com-fortuna-de-16-bilhao-de-dolares-e-mansao-de-r-97-milhoes.phtml\" rel=\"nofollow noopener\" target=\"_blank\">Idolatrada, cantora chega aos 36 anos com fortuna de 1,6 bilh\u00e3o de d\u00f3lares e mans\u00e3o de R$ 97 milh\u00f5es<\/a><\/p>\n<p>Encantado pela regi\u00e3o, Mastroianni comprou a Villa La Prora em 1964 e costumava dizer que Castiglioncello era, para ele, um \u201cverdadeiro para\u00edso terrestre\u201d. Apaixonado por arquitetura e reformas, ele pr\u00f3prio participou da renova\u00e7\u00e3o do im\u00f3vel, que foi decorado de forma elegante e funcional. Da sala principal, segundo relatos da \u00e9poca, a vista para o mar dava a sensa\u00e7\u00e3o de estar na proa de um navio. A propriedade permaneceu com a fam\u00edlia at\u00e9 o fim da d\u00e9cada de 1990 e chegou a servir de cen\u00e1rio para o filme Enrico Caruso: A Lenda de uma Voz, em 1951.<\/p>\n<p> <img loading=\"lazy\" decoding=\"async\" class=\"size-medium wp-image-1047623 img-fluid lazy\" alt=\"Vista para a mans\u00e3o conhecida como Villa La Prora, na Toscana - Foto: Reprodu\u00e7\u00e3o\/Gruppo Lungomarecastiglioncello\" width=\"406\" height=\"228\" src=\"https:\/\/www.europesays.com\/pt\/wp-content\/uploads\/2025\/12\/Vista-para-a-mansao-conhecida-como-Villa-La-Prora-na-Toscana-406x228.jpg\"  \/>Vista para a mans\u00e3o conhecida como Villa La Prora, na Toscana \u2013 Foto: Reprodu\u00e7\u00e3o\/Gruppo Lungomarecastiglioncello<\/p>\n","protected":false},"excerpt":{"rendered":"Considerado um dos maiores atores da hist\u00f3ria do cinema italiano, Marcello Mastroianni (1924-1996) morreu h\u00e1 exatos 29 anos,&hellip;\n","protected":false},"author":2,"featured_media":195715,"comment_status":"","ping_status":"","sticky":false,"template":"","format":"standard","meta":{"footnotes":""},"categories":[145],"tags":[211,210,470,114,115,1874,39108,32,33],"class_list":{"0":"post-195714","1":"post","2":"type-post","3":"status-publish","4":"format-standard","5":"has-post-thumbnail","7":"category-celebridades","8":"tag-celebridades","9":"tag-celebrities","10":"tag-cinema","11":"tag-entertainment","12":"tag-entretenimento","13":"tag-mansao","14":"tag-marcello-mastroianni","15":"tag-portugal","16":"tag-pt"},"share_on_mastodon":{"url":"https:\/\/pubeurope.com\/@pt\/115750432256938733","error":""},"_links":{"self":[{"href":"https:\/\/www.europesays.com\/pt\/wp-json\/wp\/v2\/posts\/195714","targetHints":{"allow":["GET"]}}],"collection":[{"href":"https:\/\/www.europesays.com\/pt\/wp-json\/wp\/v2\/posts"}],"about":[{"href":"https:\/\/www.europesays.com\/pt\/wp-json\/wp\/v2\/types\/post"}],"author":[{"embeddable":true,"href":"https:\/\/www.europesays.com\/pt\/wp-json\/wp\/v2\/users\/2"}],"replies":[{"embeddable":true,"href":"https:\/\/www.europesays.com\/pt\/wp-json\/wp\/v2\/comments?post=195714"}],"version-history":[{"count":0,"href":"https:\/\/www.europesays.com\/pt\/wp-json\/wp\/v2\/posts\/195714\/revisions"}],"wp:featuredmedia":[{"embeddable":true,"href":"https:\/\/www.europesays.com\/pt\/wp-json\/wp\/v2\/media\/195715"}],"wp:attachment":[{"href":"https:\/\/www.europesays.com\/pt\/wp-json\/wp\/v2\/media?parent=195714"}],"wp:term":[{"taxonomy":"category","embeddable":true,"href":"https:\/\/www.europesays.com\/pt\/wp-json\/wp\/v2\/categories?post=195714"},{"taxonomy":"post_tag","embeddable":true,"href":"https:\/\/www.europesays.com\/pt\/wp-json\/wp\/v2\/tags?post=195714"}],"curies":[{"name":"wp","href":"https:\/\/api.w.org\/{rel}","templated":true}]}}