{"id":195720,"date":"2025-12-20T06:27:23","date_gmt":"2025-12-20T06:27:23","guid":{"rendered":"https:\/\/www.europesays.com\/pt\/195720\/"},"modified":"2025-12-20T06:27:23","modified_gmt":"2025-12-20T06:27:23","slug":"julgamento-dos-cartazes-do-chega-sobre-os-ciganos-termina-sem-decisao-imediata-2","status":"publish","type":"post","link":"https:\/\/www.europesays.com\/pt\/195720\/","title":{"rendered":"Julgamento dos cartazes do Chega sobre os ciganos termina sem decis\u00e3o imediata"},"content":{"rendered":"<p>A ju\u00edza Ana Bar\u00e3o deu por encerrado o julgamento da a\u00e7\u00e3o para a retirada dos cartazes que instam os ciganos a cumprir a lei, sem anunciar uma decis\u00e3o. &#8220;Os senhores advogados ser\u00e3o notificados via Citius&#8221;, avisou a magistrada. De acordo com uma fonte judicial, a decis\u00e3o dever\u00e1 ser divulgada no dia 19 de dezembro, o dia \u00faltimo antes do in\u00edcio das f\u00e9rias judiciais de Natal.<\/p>\n<p><a href=\"https:\/\/expresso.pt\/subscrever?action=GEN&amp;channel=BAF&amp;type=CAP&amp;source=WEB&amp;returnUrl=https:\/\/expresso.pt\/sociedade\/justica\/2025-12-18-julgamento-dos-cartazes-do-chega-sobre-os-ciganos-termina-sem-decisao-imediata-a5ce2aff?_gl=1*1anfzeb*_ga*RXRIREhWbXBvM3FFZVZVcGdiZWhjUU91aF9fSHdxRTRuQWZMc2o3bXZsVkpJalBwWlVhWk9CYS1xVUZCc3l3WA&amp;utm_source=expresso&amp;utm_medium=locked_article&amp;locked=true&amp;article_id=cbe5b166-de5c-4988-93df-806313578bed&amp;author_id=Rui+Gustavo&amp;category=Justi\u00e7a\" target=\"_self\" class=\"\" rel=\"nofollow noopener\">Subscrever<\/a>J\u00e1 \u00e9 Subscritor?Fa\u00e7a login e continue a ler<a href=\"http:\/\/expresso.pt\/codigo?redirectUrl=https:\/\/expresso.pt\/sociedade\/justica\/2025-12-18-julgamento-dos-cartazes-do-chega-sobre-os-ciganos-termina-sem-decisao-imediata-a5ce2aff?_gl=1*1anfzeb*_ga*RXRIREhWbXBvM3FFZVZVcGdiZWhjUU91aF9fSHdxRTRuQWZMc2o3bXZsVkpJalBwWlVhWk9CYS1xVUZCc3l3WA\" target=\"_self\" class=\"\" rel=\"nofollow noopener\">Inserir C\u00f3digo<\/a>Comprou o Expresso?Insira o c\u00f3digo presente na Revista E para continuar a ler<\/p>\n","protected":false},"excerpt":{"rendered":"A ju\u00edza Ana Bar\u00e3o deu por encerrado o julgamento da a\u00e7\u00e3o para a retirada dos cartazes que instam&hellip;\n","protected":false},"author":2,"featured_media":193581,"comment_status":"","ping_status":"","sticky":false,"template":"","format":"standard","meta":{"footnotes":""},"categories":[10],"tags":[27,28,15,16,14,25,26,21,22,12,13,19,20,32,23,24,33,17,18,29,30,31],"class_list":{"0":"post-195720","1":"post","2":"type-post","3":"status-publish","4":"format-standard","5":"has-post-thumbnail","7":"category-portugal","8":"tag-breaking-news","9":"tag-breakingnews","10":"tag-featured-news","11":"tag-featurednews","12":"tag-headlines","13":"tag-latest-news","14":"tag-latestnews","15":"tag-main-news","16":"tag-mainnews","17":"tag-news","18":"tag-noticias","19":"tag-noticias-principais","20":"tag-noticiasprincipais","21":"tag-portugal","22":"tag-principais-noticias","23":"tag-principaisnoticias","24":"tag-pt","25":"tag-top-stories","26":"tag-topstories","27":"tag-ultimas","28":"tag-ultimas-noticias","29":"tag-ultimasnoticias"},"share_on_mastodon":{"url":"https:\/\/pubeurope.com\/@pt\/115750479174304198","error":""},"_links":{"self":[{"href":"https:\/\/www.europesays.com\/pt\/wp-json\/wp\/v2\/posts\/195720","targetHints":{"allow":["GET"]}}],"collection":[{"href":"https:\/\/www.europesays.com\/pt\/wp-json\/wp\/v2\/posts"}],"about":[{"href":"https:\/\/www.europesays.com\/pt\/wp-json\/wp\/v2\/types\/post"}],"author":[{"embeddable":true,"href":"https:\/\/www.europesays.com\/pt\/wp-json\/wp\/v2\/users\/2"}],"replies":[{"embeddable":true,"href":"https:\/\/www.europesays.com\/pt\/wp-json\/wp\/v2\/comments?post=195720"}],"version-history":[{"count":0,"href":"https:\/\/www.europesays.com\/pt\/wp-json\/wp\/v2\/posts\/195720\/revisions"}],"wp:featuredmedia":[{"embeddable":true,"href":"https:\/\/www.europesays.com\/pt\/wp-json\/wp\/v2\/media\/193581"}],"wp:attachment":[{"href":"https:\/\/www.europesays.com\/pt\/wp-json\/wp\/v2\/media?parent=195720"}],"wp:term":[{"taxonomy":"category","embeddable":true,"href":"https:\/\/www.europesays.com\/pt\/wp-json\/wp\/v2\/categories?post=195720"},{"taxonomy":"post_tag","embeddable":true,"href":"https:\/\/www.europesays.com\/pt\/wp-json\/wp\/v2\/tags?post=195720"}],"curies":[{"name":"wp","href":"https:\/\/api.w.org\/{rel}","templated":true}]}}