{"id":195721,"date":"2025-12-20T06:28:33","date_gmt":"2025-12-20T06:28:33","guid":{"rendered":"https:\/\/www.europesays.com\/pt\/195721\/"},"modified":"2025-12-20T06:28:33","modified_gmt":"2025-12-20T06:28:33","slug":"se-ventura-nao-passar-a-segunda-volta-maioria-do-seu-eleitorado-fica-indeciso","status":"publish","type":"post","link":"https:\/\/www.europesays.com\/pt\/195721\/","title":{"rendered":"Se Ventura n\u00e3o passar \u00e0 segunda volta, maioria do seu eleitorado fica indeciso"},"content":{"rendered":"<p>Se na <a href=\"https:\/\/expresso.pt\/politica\/eleicoes\/presidenciais-2026\/2025-12-18-sondagem-expresso-sic-trio-da-frente-perde-forca-debates-nao-desempatam-6cb310e5\" target=\"_blank\" rel=\"noopener noreferrer nofollow\">primeira volta<\/a> tudo parece estar em aberto, h\u00e1 claros favoritos numa segunda ronda das elei\u00e7\u00f5es presiden\u00adciais, que, por lei, se realiza tr\u00eas semanas depois da primeira. Apesar da vantagem que Andr\u00e9 Ventura leva nas inten\u00e7\u00f5es de voto para dia 18 de janeiro, o candidato apoiado pelo Chega n\u00e3o conseguiria vencer nenhum dos confrontos diretos considerados na sondagem do ICS\/ISCTE feita para o Expresso e a SIC. Ou seja, o eleitorado de Ventura parece mobilizar-se logo \u00e0 primeira, n\u00e3o alcan\u00e7ando votos novos num confronto direto, seja contra Marques Mendes, Gouveia e Melo ou Ant\u00f3nio Jos\u00e9 Seguro.<\/p>\n<p><a href=\"https:\/\/expresso.pt\/subscrever?action=GEN&amp;channel=BAF&amp;type=CAP&amp;source=WEB&amp;returnUrl=https:\/\/expresso.pt\/politica\/eleicoes\/presidenciais-2026\/2025-12-18-se-ventura-nao-passar-a-segunda-volta-maioria-do-seu-eleitorado-fica-indeciso-bf98cd74&amp;utm_source=expresso&amp;utm_medium=locked_article&amp;locked=true&amp;article_id=f7f9543c-ecac-4396-b1b6-10ebcf7f140d&amp;author_id=Cl\u00e1udia+Monarca+Almeida,Sofia+Miguel+Rosa&amp;category=Presidenciais+2026\" target=\"_self\" class=\"\" rel=\"nofollow noopener\">Subscrever<\/a>J\u00e1 \u00e9 Subscritor?Fa\u00e7a login e continue a ler<a href=\"http:\/\/expresso.pt\/codigo?redirectUrl=https:\/\/expresso.pt\/politica\/eleicoes\/presidenciais-2026\/2025-12-18-se-ventura-nao-passar-a-segunda-volta-maioria-do-seu-eleitorado-fica-indeciso-bf98cd74\" target=\"_self\" class=\"\" rel=\"nofollow noopener\">Inserir C\u00f3digo<\/a>Comprou o Expresso?Insira o c\u00f3digo presente na Revista E para continuar a ler<\/p>\n","protected":false},"excerpt":{"rendered":"Se na primeira volta tudo parece estar em aberto, h\u00e1 claros favoritos numa segunda ronda das elei\u00e7\u00f5es presiden\u00adciais,&hellip;\n","protected":false},"author":2,"featured_media":195722,"comment_status":"","ping_status":"","sticky":false,"template":"","format":"standard","meta":{"footnotes":""},"categories":[8],"tags":[27,28,15,16,14,25,26,21,22,12,13,19,20,32,23,24,33,17,18,29,30,31],"class_list":{"0":"post-195721","1":"post","2":"type-post","3":"status-publish","4":"format-standard","5":"has-post-thumbnail","7":"category-principais-noticias","8":"tag-breaking-news","9":"tag-breakingnews","10":"tag-featured-news","11":"tag-featurednews","12":"tag-headlines","13":"tag-latest-news","14":"tag-latestnews","15":"tag-main-news","16":"tag-mainnews","17":"tag-news","18":"tag-noticias","19":"tag-noticias-principais","20":"tag-noticiasprincipais","21":"tag-portugal","22":"tag-principais-noticias","23":"tag-principaisnoticias","24":"tag-pt","25":"tag-top-stories","26":"tag-topstories","27":"tag-ultimas","28":"tag-ultimas-noticias","29":"tag-ultimasnoticias"},"share_on_mastodon":{"url":"https:\/\/pubeurope.com\/@pt\/115750483148082847","error":""},"_links":{"self":[{"href":"https:\/\/www.europesays.com\/pt\/wp-json\/wp\/v2\/posts\/195721","targetHints":{"allow":["GET"]}}],"collection":[{"href":"https:\/\/www.europesays.com\/pt\/wp-json\/wp\/v2\/posts"}],"about":[{"href":"https:\/\/www.europesays.com\/pt\/wp-json\/wp\/v2\/types\/post"}],"author":[{"embeddable":true,"href":"https:\/\/www.europesays.com\/pt\/wp-json\/wp\/v2\/users\/2"}],"replies":[{"embeddable":true,"href":"https:\/\/www.europesays.com\/pt\/wp-json\/wp\/v2\/comments?post=195721"}],"version-history":[{"count":0,"href":"https:\/\/www.europesays.com\/pt\/wp-json\/wp\/v2\/posts\/195721\/revisions"}],"wp:featuredmedia":[{"embeddable":true,"href":"https:\/\/www.europesays.com\/pt\/wp-json\/wp\/v2\/media\/195722"}],"wp:attachment":[{"href":"https:\/\/www.europesays.com\/pt\/wp-json\/wp\/v2\/media?parent=195721"}],"wp:term":[{"taxonomy":"category","embeddable":true,"href":"https:\/\/www.europesays.com\/pt\/wp-json\/wp\/v2\/categories?post=195721"},{"taxonomy":"post_tag","embeddable":true,"href":"https:\/\/www.europesays.com\/pt\/wp-json\/wp\/v2\/tags?post=195721"}],"curies":[{"name":"wp","href":"https:\/\/api.w.org\/{rel}","templated":true}]}}