{"id":195731,"date":"2025-12-20T06:49:48","date_gmt":"2025-12-20T06:49:48","guid":{"rendered":"https:\/\/www.europesays.com\/pt\/195731\/"},"modified":"2025-12-20T06:49:48","modified_gmt":"2025-12-20T06:49:48","slug":"jovem-pan-fm-antecipa-estreia-em-araraquara-e-marca-retorno-da-marca-a-cidade-paulista","status":"publish","type":"post","link":"https:\/\/www.europesays.com\/pt\/195731\/","title":{"rendered":"Jovem Pan FM antecipa estreia\u00a0em Araraquara e marca retorno da marca \u00e0 cidade paulista"},"content":{"rendered":"<p>Conforme j\u00e1 era previsto desde o primeiro semestre, a <strong>Jovem Pan FM 99.5 de Araraquara<\/strong> passa a integrar oficialmente a <strong>Rede Jovem Pan FM<\/strong> <strong>nesta quinta-feira (18), a partir das 12h, na abertura do Programa P\u00e2nico<\/strong>. Inicialmente prevista para o pr\u00f3ximo dia 22, a\u00a0nova afiliada \u00e9 resultado do processo de migra\u00e7\u00e3o do canal 107.5 FM, emissora que pertence ao <strong>Sistema de Comunica\u00e7\u00e3o Roberto Montoro<\/strong>. A 99.5 FM j\u00e1 est\u00e1 no ar em car\u00e1ter experimental desde o final de novembro e agora se consolida como a nova representante da rede jovem\/pop na cidade. <a href=\"https:\/\/tudoradio.com\/noticias\/ver\/34120-entre-estreias-e-anuncios-grupo-jovem-pan-conta-com-24-novas-afiliadas-entre-2025-e-2026-em-suas-tres-redes-nacionais\" rel=\"nofollow noopener\" target=\"_blank\"><strong>A estreia \u00e9 uma das sete inaugura\u00e7\u00f5es na Rede Jovem Pan FM<\/strong><\/a> ocorridas ou em curso de janeiro deste ano at\u00e9 o pr\u00f3ximo m\u00eas.<\/p>\n<p>A entrada da Jovem Pan FM em Araraquara marca tamb\u00e9m mais um movimento de expans\u00e3o do grupo de comunica\u00e7\u00e3o local, que recentemente lan\u00e7ou a <strong>Classic Pan FM 101.3<\/strong>, esta\u00e7\u00e3o de formato adulto-contempor\u00e2neo tamb\u00e9m ligada ao <strong>Grupo Jovem Pan<\/strong>. Ambas as emissoras s\u00e3o operadas a partir de Araraquara, importante polo regional no interior de S\u00e3o Paulo.<\/p>\n<p>A cidade j\u00e1 contou com uma afiliada da Jovem Pan FM no passado. Entre 1997 e 2018, a rede operou em Araraquara por meio da frequ\u00eancia 95.7 FM, que na ocasi\u00e3o era operada pelo <strong>Grupo EP<\/strong>. Desde ent\u00e3o, o sinal da Jovem Pan FM permaneceu pr\u00f3ximo da regi\u00e3o atrav\u00e9s das afiliadas <strong>Jovem Pan FM 88.1 de Mat\u00e3o<\/strong> (que deixar\u00e1 a rede tamb\u00e9m nesta quinta-feira) e <strong>Jovem Pan FM 88.5 de S\u00e3o Carlos<\/strong>, esta \u00faltima mantendo o sinal da rede jovem\/pop para a regi\u00e3o central do estado.<\/p>\n<p style=\"text-align:center\"><img decoding=\"async\" alt=\"\" src=\"https:\/\/www.europesays.com\/pt\/wp-content\/uploads\/2025\/12\/6944063bcb631.png\" style=\"height:409px; width:450px\" \/><\/p>\n<p>A Rede Jovem Pan FM segue expandindo o n\u00famero de afiliadas.\u00a0 Na \u00faltimasegunda-feira (15), houve a estreia da\u00a0<strong><a href=\"https:\/\/tudoradio.com\/noticias\/ver\/34157-jovem-pan-fm-estreia-em-campos-dos-goytacazes-rj-troca-de-canal-em-cuiaba-mt-e-marca-data-para-araraquara-sp\" rel=\"nofollow noopener\" target=\"_blank\">Jovem Pan FM 96.5 de Campos dos Goytacazes (RJ)<\/a>.\u00a0<\/strong>Toda a movimenta\u00e7\u00e3o foi registrada no<strong>\u00a0<a href=\"https:\/\/tudoradio.com\/mapa\" rel=\"nofollow noopener\" target=\"_blank\">Mapa da Atualiza\u00e7\u00e3o do tudoradio.com.<\/a>\u00a0<\/strong>E janeiro reserva o retorno ao segundo maior mercado do pa\u00eds: \u00e9 aguardada a entrada da\u00a0<a href=\"https:\/\/tudoradio.com\/noticias\/ver\/34106-jovem-pan-fm-e-jovem-pan-news-devem-inaugurar-afiliadas-no-rio-de-janeiro-capital-recebe-as-duas-redes\" rel=\"nofollow noopener\" target=\"_blank\"><strong>Jovem Pan FM 95.3 do Rio de Janeiro<\/strong><\/a>, acompanhada tamb\u00e9m da entrada da <a href=\"https:\/\/tudoradio.com\/noticias\/ver\/34106-jovem-pan-fm-e-jovem-pan-news-devem-inaugurar-afiliadas-no-rio-de-janeiro-capital-recebe-as-duas-redes\" rel=\"nofollow noopener\" target=\"_blank\"><strong>Jovem Pan FM 100.1 de\u00a0Volta Redonda<\/strong><\/a>.<\/p>\n<p>Antes, no \u00faltimo dia 13, ocorreu\u00a0<a href=\"https:\/\/tudoradio.com\/noticias\/ver\/34157-jovem-pan-fm-estreia-em-campos-dos-goytacazes-rj-troca-de-canal-em-cuiaba-mt-e-marca-data-para-araraquara-sp\" rel=\"nofollow noopener\" target=\"_blank\"><strong>a troca de frequ\u00eancia da Jovem Pan FM 96.7 de Cuiab\u00e1 (MT)<\/strong><\/a>, emissora que estava com cobertura de sinal restrita em 90.9 FM. Transmitindo da Chapada dos Guimar\u00e3es, a afiliada teve uma consider\u00e1vel amplia\u00e7\u00e3o de porte t\u00e9cnico com a mudan\u00e7a de sintonia realizada no s\u00e1bado passado. E no final de novembro foi realizada a estreia da <a href=\"https:\/\/tudoradio.com\/noticias\/ver\/34064-jovem-pan-fm-estreia-em-mococa-sp-nesta-segunda-feira-24\" rel=\"nofollow noopener\" target=\"_blank\"><strong>Jovem Pan FM 93.3 de Mococa<\/strong><\/a>, no interior paulista.<\/p>\n<p><strong>Jovem Pan News tamb\u00e9m em expans\u00e3o<\/strong><\/p>\n<p>A rede jornal\u00edstica do grupo Jovem Pan tamb\u00e9m est\u00e1 em expans\u00e3o. A\u00a0novidade mais recente foi a\u00a0<strong><a href=\"https:\/\/tudoradio.com\/noticias\/ver\/34182-rede-jovem-pan-news-estreia-na-zona-da-mata-mineira-e-grupo-avanca-com-novas-afiliadas-pelo-pais\" rel=\"nofollow noopener\" target=\"_blank\">Jovem Pan News FM 105.7 de Cataguases (MG),<\/a>\u00a0<\/strong>que passou a integrar oficialmente a rede jornal\u00edstica do Grupo Jovem Pan nesta segunda-feira (15). A emissora, que anteriormente carregava a bandeira da\u00a0<strong>Rede\u00a0<strong>Jovem P<\/strong>an FM (liderada pela Jovem Pan FM 100.9 de S\u00e3o Paulo)<\/strong>, foi convertida para o formato all-news, dando sequ\u00eancia ao processo de expans\u00e3o da marca voltada \u00e0 informa\u00e7\u00e3o em tempo real.<\/p>\n<p>A estreia em Cataguases antecede outra expectativa da rede: a chegada da\u00a0<a href=\"https:\/\/tudoradio.com\/noticias\/ver\/34143-jovem-pan-news-tem-data-de-estreia-prevista-em-goias-rede-sera-inaugurada-no-dia-22\" rel=\"nofollow noopener\" target=\"_blank\"><strong>Jovem Pan News FM 105.7 de An\u00e1polis (GO)<\/strong><\/a>, com previs\u00e3o de in\u00edcio para o dia 22 de dezembro. Segundo apura\u00e7\u00e3o do\u00a0<strong>tudoradio.com<\/strong>, a data ainda poder\u00e1 ser ajustada conforme o andamento da montagem t\u00e9cnica da esta\u00e7\u00e3o.<\/p>\n<p>Tamb\u00e9m existe o anuncio da entrada da <a href=\"https:\/\/tudoradio.com\/noticias\/ver\/34016-rede-jovem-pan-news-deve-contar-com-nova-afiliada-em-avare-sp-a-partir-de-dezembro\" rel=\"nofollow noopener\" target=\"_blank\"><strong>Jovem Pan News FM 107.1 de Avar\u00e9 (SP)<\/strong><\/a>, em data a ser definida pela rede. E em janeiro ser\u00e3o implantadas as afiliadas <a href=\"https:\/\/tudoradio.com\/noticias\/ver\/34106-jovem-pan-fm-e-jovem-pan-news-devem-inaugurar-afiliadas-no-rio-de-janeiro-capital-recebe-as-duas-redes\" rel=\"nofollow noopener\" target=\"_blank\"><strong>Jovem Pan News FM 90.7 do Rio de Janeiro<\/strong><\/a> e <a href=\"https:\/\/tudoradio.com\/noticias\/ver\/34106-jovem-pan-fm-e-jovem-pan-news-devem-inaugurar-afiliadas-no-rio-de-janeiro-capital-recebe-as-duas-redes\" rel=\"nofollow noopener\" target=\"_blank\"><strong>Jovem Pan News FM 91.9 de Campos dos Goytacazes<\/strong><\/a>, como &#8220;Jovem Pan News Norte Fluminense&#8221;.<\/p>\n<p>De janeiro at\u00e9 o final deste ano,\u00a0<strong><a href=\"https:\/\/tudoradio.com\/noticias\/ver\/34120-entre-estreias-e-anuncios-grupo-jovem-pan-conta-com-24-novas-afiliadas-entre-2025-e-2026-em-suas-tres-redes-nacionais\" rel=\"nofollow noopener\" target=\"_blank\">o Grupo Jovem Pan contabilizar\u00e1 24 estreias em suas tr\u00eas redes nacionais<\/a><\/strong>:\u00a0<strong>Jovem Pan FM<\/strong>,\u00a0<strong>Jovem Pan News<\/strong>\u00a0e a\u00a0<strong>Classic Pan<\/strong>\u00a0(formato adulto-contempor\u00e2neo). O n\u00famero refor\u00e7a a movimenta\u00e7\u00e3o estrat\u00e9gica do grupo no cen\u00e1rio nacional.<\/p>\n<p><strong>Relacionadas:<\/strong><br \/>&#13;<br \/>\n&gt; <strong><a href=\"https:\/\/tudoradio.com\/noticias\/ver\/34120-entre-estreias-e-anuncios-grupo-jovem-pan-conta-com-24-novas-afiliadas-entre-2025-e-2026-em-suas-tres-redes-nacionais\" rel=\"nofollow noopener\" target=\"_blank\">Entre estreias e an\u00fancios, Grupo Jovem Pan conta com 24 novas afiliadas entre 2025 e 2026 em suas tr\u00eas redes nacionais<\/a><\/strong><br \/>&#13;<br \/>\n&gt;\u00a0<strong><a href=\"https:\/\/tudoradio.com\/noticias\/ver\/34174-com-jovem-pan-fm-jovem-pan-news-metropolitana-fm-band-fm-98news-e-radio-maria-brasil-reta-final-de-dezembro-esta-movimentada-nos-dials\" rel=\"nofollow noopener\" target=\"_blank\">Com Jovem Pan FM, Jovem Pan News, Metropolitana FM, Band FM, 98News e R\u00e1dio Maria Brasil, reta final de dezembro est\u00e1 movimentada nos dials<\/a><\/strong><br \/>&#13;<br \/>\n&gt;\u00a0<strong><a href=\"https:\/\/tudoradio.com\/noticias\/ver\/34157-jovem-pan-fm-estreia-em-campos-dos-goytacazes-rj-troca-de-canal-em-cuiaba-mt-e-marca-data-para-araraquara-sp\" rel=\"nofollow noopener\" target=\"_blank\">Jovem Pan FM estreia em Campos dos Goytacazes (RJ), troca de canal em Cuiab\u00e1 (MT) e marca data para Araraquara (SP)<\/a><\/strong><\/p>\n<p>\n\t\t\t\tA reprodu\u00e7\u00e3o das not\u00edcias e das pautas \u00e9 autorizada desde que contenha a assinatura &#8216;tudoradio.com&#8217;<\/p>\n<p>&#13;<br \/>\n\t\t\t\tTags:&#13;<br \/>\n\t\t\t\tJovem Pan FM, Expans\u00e3o de r\u00e1dios, Estreia em Campos dos Goytacazes, Jovem Pan Araraquara, Mudan\u00e7a de frequ\u00eancia, R\u00e1dio no Rio de Janeiro, Jovem Pan News, Migra\u00e7\u00e3o AM-FM&#13;\n\t\t\t<\/p>\n","protected":false},"excerpt":{"rendered":"Conforme j\u00e1 era previsto desde o primeiro semestre, a Jovem Pan FM 99.5 de Araraquara passa a integrar&hellip;\n","protected":false},"author":2,"featured_media":195732,"comment_status":"","ping_status":"","sticky":false,"template":"","format":"standard","meta":{"footnotes":""},"categories":[141],"tags":[114,115,37567,37566,37568,26883,28212,29485,37569,149,150,32,33,37570],"class_list":{"0":"post-195731","1":"post","2":"type-post","3":"status-publish","4":"format-standard","5":"has-post-thumbnail","7":"category-musica","8":"tag-entertainment","9":"tag-entretenimento","10":"tag-estreia-em-campos-dos-goytacazes","11":"tag-expansao-de-radios","12":"tag-jovem-pan-araraquara","13":"tag-jovem-pan-fm","14":"tag-jovem-pan-news","15":"tag-migracao-am-fm","16":"tag-mudanca-de-frequencia","17":"tag-music","18":"tag-musica","19":"tag-portugal","20":"tag-pt","21":"tag-radio-no-rio-de-janeiro"},"share_on_mastodon":{"url":"https:\/\/pubeurope.com\/@pt\/115750569721936672","error":""},"_links":{"self":[{"href":"https:\/\/www.europesays.com\/pt\/wp-json\/wp\/v2\/posts\/195731","targetHints":{"allow":["GET"]}}],"collection":[{"href":"https:\/\/www.europesays.com\/pt\/wp-json\/wp\/v2\/posts"}],"about":[{"href":"https:\/\/www.europesays.com\/pt\/wp-json\/wp\/v2\/types\/post"}],"author":[{"embeddable":true,"href":"https:\/\/www.europesays.com\/pt\/wp-json\/wp\/v2\/users\/2"}],"replies":[{"embeddable":true,"href":"https:\/\/www.europesays.com\/pt\/wp-json\/wp\/v2\/comments?post=195731"}],"version-history":[{"count":0,"href":"https:\/\/www.europesays.com\/pt\/wp-json\/wp\/v2\/posts\/195731\/revisions"}],"wp:featuredmedia":[{"embeddable":true,"href":"https:\/\/www.europesays.com\/pt\/wp-json\/wp\/v2\/media\/195732"}],"wp:attachment":[{"href":"https:\/\/www.europesays.com\/pt\/wp-json\/wp\/v2\/media?parent=195731"}],"wp:term":[{"taxonomy":"category","embeddable":true,"href":"https:\/\/www.europesays.com\/pt\/wp-json\/wp\/v2\/categories?post=195731"},{"taxonomy":"post_tag","embeddable":true,"href":"https:\/\/www.europesays.com\/pt\/wp-json\/wp\/v2\/tags?post=195731"}],"curies":[{"name":"wp","href":"https:\/\/api.w.org\/{rel}","templated":true}]}}