{"id":195748,"date":"2025-12-20T07:25:24","date_gmt":"2025-12-20T07:25:24","guid":{"rendered":"https:\/\/www.europesays.com\/pt\/195748\/"},"modified":"2025-12-20T07:25:24","modified_gmt":"2025-12-20T07:25:24","slug":"boavista-lanca-campanha-de-angariacao-de-fundos-que-comeca-nos-40e","status":"publish","type":"post","link":"https:\/\/www.europesays.com\/pt\/195748\/","title":{"rendered":"Boavista lan\u00e7a campanha de angaria\u00e7\u00e3o de fundos que come\u00e7a nos 40\u20ac"},"content":{"rendered":"<p>O Boavista FC (e n\u00e3o a SAD) lan\u00e7ou uma campanha de angaria\u00e7\u00e3o de fundos num momento dif\u00edcil a n\u00edvel financeiro. Sem jogadores suficientes para competir, acabou por desistir do futebol s\u00e9nior esta temporada.<\/p>\n<p>Ainda assim, a entidade continua viva e com esperan\u00e7as de reerguer-se. \u00c9 por isso que o clube divulgou nesta quinta-feira uma campanha (Boavista Sempre) com o objetivo de angariar dinheiro para o clube.<\/p>\n<p>\u00abO Boavista precisa dos seus amigos, dos seus adeptos, dos seus s\u00f3cios e tamb\u00e9m de todos os que, mesmo n\u00e3o sendo boavisteiros, acreditam no valor social, cultural e desportivo de um clube centen\u00e1rio. O clube apela igualmente ao envolvimento de parceiros e investidores alinhados com valores de abertura, participa\u00e7\u00e3o e compromisso de longo prazo\u00bb, escreve o Boavista FC no s\u00edtio oficial.\u00a0<\/p>\n<p>A dire\u00e7\u00e3o do clube justifica a necessidade desta campanha com a \u00abpreserva\u00e7\u00e3o de um patrim\u00f3nio com impacto nacional e proje\u00e7\u00e3o internacional\u00bb. Existem quatro formas de aderir, com quatro n\u00edveis diferentes de contribui\u00e7\u00e3o financeira e benef\u00edcios decorrentes.\u00a0<\/p>\n<p>Entre as vantagens est\u00e1 a rece\u00e7\u00e3o de newsletters ou\u00a0camisolas. Os valores fixam-se nos 40, 400, 4,000 e 40,000 euros, pagos atrav\u00e9s do <strong><a href=\"https:\/\/boavistafc.pt\/socios\/\" rel=\"nofollow noopener\" target=\"_blank\">website do clube.\u00a0<\/a><\/strong><\/p>\n<p>O clube hist\u00f3rico da cidade do Porto continua a ter modalidades como futsal, karat\u00e9, al\u00e9m do futebol jovem, com cerca de dois mil atletas. Na ter\u00e7a-feira, <strong><a href=\"https:\/\/maisfutebol.iol.pt\/boavista\/credores\/boavista-chega-a-acordo-com-credores-e-evita-encerramento-do-clube\" rel=\"nofollow noopener\" target=\"_blank\">o clube anunciou um acordo com os credores <\/a><\/strong>para evitar o encerramento do clube. A d\u00edvida global da entidade ascende a 99 milh\u00f5es de euros.<\/p>\n","protected":false},"excerpt":{"rendered":"O Boavista FC (e n\u00e3o a SAD) lan\u00e7ou uma campanha de angaria\u00e7\u00e3o de fundos num momento dif\u00edcil a&hellip;\n","protected":false},"author":2,"featured_media":195749,"comment_status":"","ping_status":"","sticky":false,"template":"","format":"standard","meta":{"footnotes":""},"categories":[87],"tags":[1302,39110,39111,135,280,46,462,32,33,47,134],"class_list":{"0":"post-195748","1":"post","2":"type-post","3":"status-publish","4":"format-standard","5":"has-post-thumbnail","7":"category-desporto","8":"tag-boavista","9":"tag-boavista-fc","10":"tag-boavista-sempre","11":"tag-desporto","12":"tag-futebol-nacional","13":"tag-maisfutebol","14":"tag-porto","15":"tag-portugal","16":"tag-pt","17":"tag-pura-paixao","18":"tag-sports"},"share_on_mastodon":{"url":"https:\/\/pubeurope.com\/@pt\/115750707683479088","error":""},"_links":{"self":[{"href":"https:\/\/www.europesays.com\/pt\/wp-json\/wp\/v2\/posts\/195748","targetHints":{"allow":["GET"]}}],"collection":[{"href":"https:\/\/www.europesays.com\/pt\/wp-json\/wp\/v2\/posts"}],"about":[{"href":"https:\/\/www.europesays.com\/pt\/wp-json\/wp\/v2\/types\/post"}],"author":[{"embeddable":true,"href":"https:\/\/www.europesays.com\/pt\/wp-json\/wp\/v2\/users\/2"}],"replies":[{"embeddable":true,"href":"https:\/\/www.europesays.com\/pt\/wp-json\/wp\/v2\/comments?post=195748"}],"version-history":[{"count":0,"href":"https:\/\/www.europesays.com\/pt\/wp-json\/wp\/v2\/posts\/195748\/revisions"}],"wp:featuredmedia":[{"embeddable":true,"href":"https:\/\/www.europesays.com\/pt\/wp-json\/wp\/v2\/media\/195749"}],"wp:attachment":[{"href":"https:\/\/www.europesays.com\/pt\/wp-json\/wp\/v2\/media?parent=195748"}],"wp:term":[{"taxonomy":"category","embeddable":true,"href":"https:\/\/www.europesays.com\/pt\/wp-json\/wp\/v2\/categories?post=195748"},{"taxonomy":"post_tag","embeddable":true,"href":"https:\/\/www.europesays.com\/pt\/wp-json\/wp\/v2\/tags?post=195748"}],"curies":[{"name":"wp","href":"https:\/\/api.w.org\/{rel}","templated":true}]}}