{"id":195756,"date":"2025-12-20T07:45:23","date_gmt":"2025-12-20T07:45:23","guid":{"rendered":"https:\/\/www.europesays.com\/pt\/195756\/"},"modified":"2025-12-20T07:45:23","modified_gmt":"2025-12-20T07:45:23","slug":"barcelona-perto-de-contratar-jogador-em-negocio-que-pode-chegar-aos-4-milhoes-de-euros","status":"publish","type":"post","link":"https:\/\/www.europesays.com\/pt\/195756\/","title":{"rendered":"Barcelona perto de contratar jogador em neg\u00f3cio que pode chegar aos 4 milh\u00f5es de euros"},"content":{"rendered":"<p>&#8211; Advertisement &#8211;<\/p>\n<p><strong>O Barcelona est\u00e1 muito perto de contratar Hamza Abdelkarim, jogador que pertence ao Al Ahly. O neg\u00f3cio seria feito por empr\u00e9stimo.<\/strong><\/p>\n<p>O Barcelona est\u00e1 muito interessado em garantir a contrata\u00e7\u00e3o de Hamza Abdelkarim, jovem promessa que pertence aos quadros do Al Ahly. De acordo com a imprensa do Egito, ainda n\u00e3o existem valores definitivos para a mudan\u00e7a do jogador para o Camp Nou, onde ser\u00e1 inserido na equipa B.<\/p>\n<p>A concretizar-se, Hamza Abdelkarim vai mudar-se por empr\u00e9stimo, e provavelmente a cl\u00e1usula de op\u00e7\u00e3o de compra ser\u00e1 de quatro milh\u00f5es de euros, pelo menos esse \u00e9 o desejo do Barcelona. O Al Ahly pede uma verba mais alta pela sua p\u00e9rola.<\/p>\n<p>Hamza Abdelkarim tem 17 anos. <a href=\"https:\/\/bolanarede.pt\/especial-bola-na-rede\/atualidade\/barcelona-interessado-em-avancado-que-passou-pelos-sub-23-do-vitoria-sc\/\" target=\"_blank\" rel=\"noreferrer noopener nofollow\">Etienne Eto\u2019o tamb\u00e9m est\u00e1 a ser apontado ao clube<\/a>. <\/p>\n","protected":false},"excerpt":{"rendered":"&#8211; Advertisement &#8211; O Barcelona est\u00e1 muito perto de contratar Hamza Abdelkarim, jogador que pertence ao Al Ahly.&hellip;\n","protected":false},"author":2,"featured_media":195757,"comment_status":"","ping_status":"","sticky":false,"template":"","format":"standard","meta":{"footnotes":""},"categories":[87],"tags":[260,1235,135,39112,5705,32,33,134],"class_list":{"0":"post-195756","1":"post","2":"type-post","3":"status-publish","4":"format-standard","5":"has-post-thumbnail","7":"category-desporto","8":"tag-atualidade","9":"tag-barcelona","10":"tag-desporto","11":"tag-hamza-abdelkarim","12":"tag-la-liga","13":"tag-portugal","14":"tag-pt","15":"tag-sports"},"share_on_mastodon":{"url":"https:\/\/pubeurope.com\/@pt\/115750785851636978","error":""},"_links":{"self":[{"href":"https:\/\/www.europesays.com\/pt\/wp-json\/wp\/v2\/posts\/195756","targetHints":{"allow":["GET"]}}],"collection":[{"href":"https:\/\/www.europesays.com\/pt\/wp-json\/wp\/v2\/posts"}],"about":[{"href":"https:\/\/www.europesays.com\/pt\/wp-json\/wp\/v2\/types\/post"}],"author":[{"embeddable":true,"href":"https:\/\/www.europesays.com\/pt\/wp-json\/wp\/v2\/users\/2"}],"replies":[{"embeddable":true,"href":"https:\/\/www.europesays.com\/pt\/wp-json\/wp\/v2\/comments?post=195756"}],"version-history":[{"count":0,"href":"https:\/\/www.europesays.com\/pt\/wp-json\/wp\/v2\/posts\/195756\/revisions"}],"wp:featuredmedia":[{"embeddable":true,"href":"https:\/\/www.europesays.com\/pt\/wp-json\/wp\/v2\/media\/195757"}],"wp:attachment":[{"href":"https:\/\/www.europesays.com\/pt\/wp-json\/wp\/v2\/media?parent=195756"}],"wp:term":[{"taxonomy":"category","embeddable":true,"href":"https:\/\/www.europesays.com\/pt\/wp-json\/wp\/v2\/categories?post=195756"},{"taxonomy":"post_tag","embeddable":true,"href":"https:\/\/www.europesays.com\/pt\/wp-json\/wp\/v2\/tags?post=195756"}],"curies":[{"name":"wp","href":"https:\/\/api.w.org\/{rel}","templated":true}]}}