{"id":195762,"date":"2025-12-20T08:00:29","date_gmt":"2025-12-20T08:00:29","guid":{"rendered":"https:\/\/www.europesays.com\/pt\/195762\/"},"modified":"2025-12-20T08:00:29","modified_gmt":"2025-12-20T08:00:29","slug":"finalissima-espanha-e-argentina-defrontam-se-no-qatar","status":"publish","type":"post","link":"https:\/\/www.europesays.com\/pt\/195762\/","title":{"rendered":"Final\u00edssima: Espanha e Argentina defrontam-se no Qatar"},"content":{"rendered":"<p>Depois de <a href=\"https:\/\/maisfutebol.iol.pt\/finalissima\/fifa\/finalissima-entre-argentina-e-espanha-joga-se-em-marco-mas-sem-local-definido\" target=\"_blank\" rel=\"nofollow noopener\">terem mantido \u00absegredo\u00bb<\/a> durante aproximadamente um m\u00eas, a CONMEBOL e a UEFA confirmaram que a Final\u00edssima entre Espanha e Argentina vai ser jogada no Qatar.<\/p>\n<p>O encontro entre os campe\u00f5es europeus e os campe\u00f5es sul-americanos ser\u00e1 disputado a 27 de mar\u00e7o no Est\u00e1dio Lusail (18h de Lisboa), numa decis\u00e3o tomada entre os dois organismos, juntamente com a Real Federa\u00e7\u00e3o Espanhola de Futebol (RFEF) e a Associa\u00e7\u00e3o Argentina de Futebol (AFA).<\/p>\n<p>Recorde-se que a edi\u00e7\u00e3o inaugural da prova foi ganha precisamente pela Argentina, que em 2022 levou a melhor sobre a It\u00e1lia, por 3-0, no Est\u00e1dio de Wembley.<\/p>\n<p>Este \u00e9 apenas o segundo confronto entre as duas sele\u00e7\u00f5es em jogos oficiais, depois do triunfo argentino no Mundial de 1966 (2-1).<\/p>\n","protected":false},"excerpt":{"rendered":"Depois de terem mantido \u00absegredo\u00bb durante aproximadamente um m\u00eas, a CONMEBOL e a UEFA confirmaram que a Final\u00edssima&hellip;\n","protected":false},"author":2,"featured_media":195763,"comment_status":"","ping_status":"","sticky":false,"template":"","format":"standard","meta":{"footnotes":""},"categories":[87],"tags":[2424,135,640,2698,39113,82,46,32,33,47,8687,134],"class_list":{"0":"post-195762","1":"post","2":"type-post","3":"status-publish","4":"format-standard","5":"has-post-thumbnail","7":"category-desporto","8":"tag-argentina","9":"tag-desporto","10":"tag-espanha","11":"tag-fifa","12":"tag-finalissima","13":"tag-internacional","14":"tag-maisfutebol","15":"tag-portugal","16":"tag-pt","17":"tag-pura-paixao","18":"tag-qatar","19":"tag-sports"},"share_on_mastodon":{"url":"https:\/\/pubeurope.com\/@pt\/115750844698262012","error":""},"_links":{"self":[{"href":"https:\/\/www.europesays.com\/pt\/wp-json\/wp\/v2\/posts\/195762","targetHints":{"allow":["GET"]}}],"collection":[{"href":"https:\/\/www.europesays.com\/pt\/wp-json\/wp\/v2\/posts"}],"about":[{"href":"https:\/\/www.europesays.com\/pt\/wp-json\/wp\/v2\/types\/post"}],"author":[{"embeddable":true,"href":"https:\/\/www.europesays.com\/pt\/wp-json\/wp\/v2\/users\/2"}],"replies":[{"embeddable":true,"href":"https:\/\/www.europesays.com\/pt\/wp-json\/wp\/v2\/comments?post=195762"}],"version-history":[{"count":0,"href":"https:\/\/www.europesays.com\/pt\/wp-json\/wp\/v2\/posts\/195762\/revisions"}],"wp:featuredmedia":[{"embeddable":true,"href":"https:\/\/www.europesays.com\/pt\/wp-json\/wp\/v2\/media\/195763"}],"wp:attachment":[{"href":"https:\/\/www.europesays.com\/pt\/wp-json\/wp\/v2\/media?parent=195762"}],"wp:term":[{"taxonomy":"category","embeddable":true,"href":"https:\/\/www.europesays.com\/pt\/wp-json\/wp\/v2\/categories?post=195762"},{"taxonomy":"post_tag","embeddable":true,"href":"https:\/\/www.europesays.com\/pt\/wp-json\/wp\/v2\/tags?post=195762"}],"curies":[{"name":"wp","href":"https:\/\/api.w.org\/{rel}","templated":true}]}}