{"id":195768,"date":"2025-12-20T08:22:10","date_gmt":"2025-12-20T08:22:10","guid":{"rendered":"https:\/\/www.europesays.com\/pt\/195768\/"},"modified":"2025-12-20T08:22:10","modified_gmt":"2025-12-20T08:22:10","slug":"suspeito-de-matar-fisico-portugues-e-alunos-de-brown-morreu-dois-dias-antes-de-ser-encontrado","status":"publish","type":"post","link":"https:\/\/www.europesays.com\/pt\/195768\/","title":{"rendered":"Suspeito de matar f\u00edsico portugu\u00eas e alunos de Brown morreu dois dias antes de ser encontrado"},"content":{"rendered":"<p data-remotead-prev-elm=\"true\" data-remotead-elm-id=\"inread\">As autoridades encontraram Cl\u00e1udio Neves Valente morto num armaz\u00e9m em New Hampshire na quinta-feira \u00e0 noite. A aut\u00f3psia determinou que o portugu\u00eas morreu na ter\u00e7a-feira, no mesmo dia em que o compatriota, o professor do Instituto de Tecnologia de Massachusetts (MIT), Nuno Loureiro, morreu num hospital, informou o gabinete do procurador-geral de New Hampshire, John Formella, em comunicado.<\/p>\n<p>A informa\u00e7\u00e3o divulgada n\u00e3o detalhou a hora exata da morte, noticiou a ag\u00eancia Associated Press (AP).<\/p>\n<blockquote data-type=\"articles\" data-id=\"related-article-18031880\"><p>\n              <strong>Leia tamb\u00e9m <\/strong><br \/>\n              <a href=\"https:\/\/www.jn.pt\/mundo\/artigo\/portugues-suspeito-de-matar-professor-do-mit-e-de-tiroteio-em-brown-encontrado-morto\/18031880\" rel=\"nofollow noopener\" target=\"_blank\">Portugu\u00eas suspeito de matar professor do MIT e de tiroteio em Brown encontrado morto<\/a>\n            <\/p><\/blockquote>\n<p data-remotead-prev-elm=\"true\" data-remotead-elm-id=\"centro1\">As autoridades acreditam que, depois de matar dois estudantes e ferir outros nove no s\u00e1bado passado em Brown, onde foi estudante de p\u00f3s-gradua\u00e7\u00e3o durante o ano letivo de 2000\/01, Neves Valente disparou sobre Loureiro, na sua casa, na regi\u00e3o de Boston, na noite de segunda-feira.<\/p>\n<p>Os investigadores ainda tentavam hoje esclarecer porque \u00e9 que Neves Valente ter\u00e1 aberto fogo no campus d\u00e9cadas depois de ter abandonado os estudos e, mais tarde, assassinado Loureiro, com quem estudou em Portugal na d\u00e9cada de 1990.<\/p>\n<blockquote data-type=\"articles\" data-id=\"related-article-18032095\"><p>\n              <strong>Leia tamb\u00e9m <\/strong><br \/>\n              <a href=\"https:\/\/www.jn.pt\/mundo\/artigo\/fisico-do-mit-e-alegado-homicida-foram-colegas-de-curso-no-instituto-superior-tecnico\/18032095\" rel=\"nofollow noopener\" target=\"_blank\">F\u00edsico do MIT e alegado homicida foram colegas de curso no Instituto Superior T\u00e9cnico<\/a>\n            <\/p><\/blockquote>\n<p data-remotead-prev-elm=\"true\" data-remotead-elm-id=\"centro2\">Peter Neronha, procurador-geral de Rhode Island, estado onde se situa a Universidade Brown, frisou que ainda &#8220;h\u00e1 muitas inc\u00f3gnitas&#8221; sobre o caso.<\/p>\n<p>Neves Valente, de 48 anos, foi encontrado morto na quinta-feira \u00e0 noite, v\u00edtima de um ferimento de bala autoinfligido, informou o chefe da pol\u00edcia de Providence, coronel Oscar Perez.<\/p>\n<p>A descoberta do corpo de Neves Valente num armaz\u00e9m em New Hampshire p\u00f4s fim \u00e0 busca de quase uma semana pelo respons\u00e1vel pelo homic\u00eddio de dois estudantes num audit\u00f3rio da Universidade Brown, no passado s\u00e1bado.<\/p>\n<p data-remotead-prev-elm=\"true\" data-remotead-elm-id=\"centro3\">Os investigadores acreditam que o ex-aluno da Brown matou Loureiro na sua casa em Brookline, um sub\u00farbio de Boston a cerca de 80 quil\u00f3metros a norte de Providence, na segunda-feira.<\/p>\n<p>Perez acrescentou que, tanto quanto os investigadores sabem, Neves Valente agiu sozinho.<\/p>\n<p>Valente foi monitor do Instituto Superior T\u00e9cnico (IST), em Lisboa, onde foi colega de curso de Loureiro, tendo a institui\u00e7\u00e3o rescindido o contrato no ano em que foi estudar para os Estados Unidos.<\/p>\n","protected":false},"excerpt":{"rendered":"As autoridades encontraram Cl\u00e1udio Neves Valente morto num armaz\u00e9m em New Hampshire na quinta-feira \u00e0 noite. A aut\u00f3psia&hellip;\n","protected":false},"author":2,"featured_media":195769,"comment_status":"","ping_status":"","sticky":false,"template":"","format":"standard","meta":{"footnotes":""},"categories":[8],"tags":[27,28,413,15,16,14,5564,25,26,21,22,62,12,13,19,20,38572,32,23,24,33,3512,17,18,29,30,31],"class_list":{"0":"post-195768","1":"post","2":"type-post","3":"status-publish","4":"format-standard","5":"has-post-thumbnail","7":"category-principais-noticias","8":"tag-breaking-news","9":"tag-breakingnews","10":"tag-eua","11":"tag-featured-news","12":"tag-featurednews","13":"tag-headlines","14":"tag-homicidio","15":"tag-latest-news","16":"tag-latestnews","17":"tag-main-news","18":"tag-mainnews","19":"tag-mundo","20":"tag-news","21":"tag-noticias","22":"tag-noticias-principais","23":"tag-noticiasprincipais","24":"tag-nuno-loureiro","25":"tag-portugal","26":"tag-principais-noticias","27":"tag-principaisnoticias","28":"tag-pt","29":"tag-tiroteio","30":"tag-top-stories","31":"tag-topstories","32":"tag-ultimas","33":"tag-ultimas-noticias","34":"tag-ultimasnoticias"},"share_on_mastodon":{"url":"https:\/\/pubeurope.com\/@pt\/115750931382366583","error":""},"_links":{"self":[{"href":"https:\/\/www.europesays.com\/pt\/wp-json\/wp\/v2\/posts\/195768","targetHints":{"allow":["GET"]}}],"collection":[{"href":"https:\/\/www.europesays.com\/pt\/wp-json\/wp\/v2\/posts"}],"about":[{"href":"https:\/\/www.europesays.com\/pt\/wp-json\/wp\/v2\/types\/post"}],"author":[{"embeddable":true,"href":"https:\/\/www.europesays.com\/pt\/wp-json\/wp\/v2\/users\/2"}],"replies":[{"embeddable":true,"href":"https:\/\/www.europesays.com\/pt\/wp-json\/wp\/v2\/comments?post=195768"}],"version-history":[{"count":0,"href":"https:\/\/www.europesays.com\/pt\/wp-json\/wp\/v2\/posts\/195768\/revisions"}],"wp:featuredmedia":[{"embeddable":true,"href":"https:\/\/www.europesays.com\/pt\/wp-json\/wp\/v2\/media\/195769"}],"wp:attachment":[{"href":"https:\/\/www.europesays.com\/pt\/wp-json\/wp\/v2\/media?parent=195768"}],"wp:term":[{"taxonomy":"category","embeddable":true,"href":"https:\/\/www.europesays.com\/pt\/wp-json\/wp\/v2\/categories?post=195768"},{"taxonomy":"post_tag","embeddable":true,"href":"https:\/\/www.europesays.com\/pt\/wp-json\/wp\/v2\/tags?post=195768"}],"curies":[{"name":"wp","href":"https:\/\/api.w.org\/{rel}","templated":true}]}}