{"id":195772,"date":"2025-12-20T08:27:13","date_gmt":"2025-12-20T08:27:13","guid":{"rendered":"https:\/\/www.europesays.com\/pt\/195772\/"},"modified":"2025-12-20T08:27:13","modified_gmt":"2025-12-20T08:27:13","slug":"addison-rae-quebra-silencio-e-faz-comentario-sugestivo-sobre-rumores-de-briga-entre-charli-xcx-e-taylor-swift","status":"publish","type":"post","link":"https:\/\/www.europesays.com\/pt\/195772\/","title":{"rendered":"Addison Rae quebra sil\u00eancio e faz coment\u00e1rio sugestivo sobre rumores de briga entre Charli XCX e Taylor Swift"},"content":{"rendered":"<p>                                Ler resumo &#13;<\/p>\n<p data-start=\"0\" data-end=\"268\" data-is-last-node=\"\" data-is-only-node=\"\">Addison Rae comentou a suposta rivalidade entre Charli XCX e Taylor Swift em entrevista ao Los Angeles Times. A cantora falou sobre press\u00f5es no mundo do pop, bastidores da ind\u00fastria musical e deixou claro seu posicionamento diante de pol\u00eamicas entre artistas.<\/p>\n<p>&#13;<\/p>\n<p>Addison Rae se manifestou sobre a suposta rivalidade entre duas estrelas da m\u00fasica: <a href=\"https:\/\/hugogloss.uol.com.br\/tag\/charli-xcx\/\" rel=\"nofollow noopener\" target=\"_blank\">Charli XCX<\/a> e <a href=\"https:\/\/hugogloss.uol.com.br\/tag\/taylor-swift\/\" rel=\"nofollow noopener\" target=\"_blank\">Taylor Swift<\/a>. Em entrevista ao Los Angeles Times, publicada nesta quinta-feira (18), ela opinou sobre as cantoras ap\u00f3s ser questionada se sente que precisa \u201ctomar partido\u201d em p0l\u00eamicas envolvendo artistas pop.<\/p>\n<p>A cantora afirmou que n\u00e3o se incomoda com essas rivalidades pelo fato de simplesmente n\u00e3o se importar com elas. \u201cN\u00e3o precisa ser algo t\u00e3o s\u00e9rio, mas entendo \u2013 isso entret\u00e9m. Historicamente, sempre houve essa competi\u00e7\u00e3o amig\u00e1vel, ou nem tanto, entre as pessoas. Acho que \u00e9 algo muito natural do ser humano querer superar um padr\u00e3o estabelecido por outra pessoa. N\u00e3o tenho interesse nisso para mim. Acho que isso tira o foco do motivo pelo qual quero fazer tudo isso\u201c, declarou.<\/p>\n<p>Na sequ\u00eancia, Addison foi questionada se sente pressionada a escolher um lado na suposta rixa entre Charli e Taylor. \u201cAcho que teremos que esperar para ver. Mas h\u00e1 muito mais por tr\u00e1s de tudo isso. Existem pessoas que fazem coisas estranhas, e eu tento evitar essas pessoas\u201c, ressaltou.<\/p>\n<p>A estrela, ent\u00e3o, detalhou o que pode provocar as brigas. \u201cPode acontecer nos bastidores \u2013 produtores, dramas nas letras, ideias e conversas internas. No meu disco com Luka [Kloser] e Elvira [Anderfj\u00e4rd], n\u00f3s t\u00ednhamos trabalhado com algu\u00e9m \u2013 ou tentado inclu\u00ed-la em algo -, mas depois n\u00e3o sentimos que isso era realmente necess\u00e1rio\u201c, explicou.<\/p>\n<p> <img loading=\"lazy\" decoding=\"async\" class=\"wp-image-1203836 size-medium img-fluid lazy\" alt=\"\" width=\"617\" height=\"347\" src=\"https:\/\/www.europesays.com\/pt\/wp-content\/uploads\/2025\/12\/Addison-Rae-2-617x347.jpg\"  \/>A cantora de 25 anos lan\u00e7ou o \u00e1lbum de estreia, \u201cAddison\u201d, em 6 de junho de 2025. (Foto: Getty) <\/p>\n<p>Ela apontou que a pessoa em quest\u00e3o teria usado o que eles tinham feito em outro trabalho. \u201cSem ressentimentos. Mas de repente, essa pessoa foi trabalhar com outra, e as coisas come\u00e7aram a parecer semelhantes. A cronologia de tudo isso foi bastante confusa e interessante. Eu nunca te falei sobre isso\u201c, relembrou.<\/p>\n<p>Addison e Charli s\u00e3o amigas de longa data. A dona do \u00e1lbum \u201cBrat\u201d, ali\u00e1s, foi uma das primeiras a apoiar a carreira musical da estrela do TikTok. Juntas, elas colaboraram em \u201c2 Die 4\u201d, do EP de Addison lan\u00e7ado em 2023, e em \u201cVon Dutch\u201d.<\/p>\n<p> Continua depois da Publicidade <\/p>\n<p><strong>Charli XCX x Taylor Swift<\/strong><\/p>\n<p>Embora Charli e Swift nunca tenham se pronunciado publicamente sobre os rumores de desaven\u00e7as, as especula\u00e7\u00f5es persistem desde o lan\u00e7amento de \u201cSympathy Is a Knife\u201d. Na faixa de \u201cBrat\u201d, a brit\u00e2nica canta sobre se sentir insegura na presen\u00e7a de outra mulher na ind\u00fastria. Alguns f\u00e3s interpretaram a m\u00fasica como uma indireta a Swift, cuja can\u00e7\u00e3o \u201cActually Romantic\u201d, do \u00e1lbum \u201cThe Life of a Showgirl\u201d, foi vista como uma resposta.<\/p>\n<p>Charli foi o ato de abertura da \u201cReputation Tour\u201d, em 2018, e manteve amizade com Swift por alguns anos. No entanto, o v\u00ednculo entre as duas teria esfriado depois que a brit\u00e2nica se aproximou de <a href=\"https:\/\/hugogloss.uol.com.br\/tag\/matty-healy\" target=\"_blank\" rel=\"noopener nofollow\">Matty Healy<\/a> \u2013 ex de Taylor e vocalista do The 1975. Charli \u00e9 casada com George Daniel, baterista da banda.<\/p>\n<p> <img loading=\"lazy\" decoding=\"async\" class=\"wp-image-1187862 size-medium img-fluid lazy\" alt=\"\" width=\"617\" height=\"347\" src=\"https:\/\/www.europesays.com\/pt\/wp-content\/uploads\/2025\/12\/FotoJet-9-3-617x347.jpg\"  \/>Charli XCX j\u00e1 abriu os shows da \u201cReputation Tour\u201d, de Taylor Swift, em 2018. (Foto: Getty) Continua depois da Publicidade <\/p>\n<p>A brit\u00e2nica j\u00e1 foi questionada pela Vanity Fair sobre o suposto desentendimento com Swift. Segundo a rep\u00f3rter Anna Peele, ela preferiu ficar em sil\u00eancio e <a href=\"https:\/\/hugogloss.uol.com.br\/musica\/charli-xcx-toma-atitude-ao-ser-questionada-sobre-treta-com-taylor-swift-e-reage-a-polemica-de-drogas\/\" rel=\"nofollow noopener\" target=\"_blank\">n\u00e3o tecer qualquer coment\u00e1rio sobre o assunto<\/a>. Alguns f\u00e3s de Charli tamb\u00e9m acreditam a noiva de <a href=\"https:\/\/hugogloss.uol.com.br\/tag\/travis-kelce\/\" rel=\"nofollow noopener\" target=\"_blank\">Travis Kelce<\/a> tentou impedir que \u201cBrat\u201d chegasse ao topo das paradas em 2024. Em junho daquele ano, a brit\u00e2nica repreendeu alguns f\u00e3s que gritavam \u201cTaylor Swift est\u00e1 morta\u201d em um show no Brasil.<\/p>\n<p>Em agosto do mesmo ano, Swift n\u00e3o poupou elogios a Charli.\u00a0\u201cFiquei impressionada com a sensibilidade mel\u00f3dica de Charli desde ouvi \u2018Stay Away\u2019 pela primeira vez, em 2011. Suas composi\u00e7\u00f5es s\u00e3o surreais e inventivas, sempre. Ela simplesmente leva uma m\u00fasica para lugares inesperados, e vem fazendo isso consistentemente h\u00e1 mais de uma d\u00e9cada\u201d, disse \u00e0 Vulture.<\/p>\n<p>                                                                    <a id=\"google-news\" class=\"google-news\" href=\"https:\/\/news.google.com\/publications\/CAAqBwgKMM6ViAswv82GAw?ceid=BR:pt-419&amp;amp;oc=3&amp;amp;hl=pt-BR&amp;amp;gl=BR\" target=\"_blank\" rel=\"nofollow noopener\"><\/p>\n<p>                                            Siga a <strong> Hugo Gloss no Google News<\/strong> e acompanhe nossos destaques<\/p>\n<p>                                    <\/a><\/p>\n","protected":false},"excerpt":{"rendered":"Ler resumo &#13; Addison Rae comentou a suposta rivalidade entre Charli XCX e Taylor Swift em entrevista ao&hellip;\n","protected":false},"author":2,"featured_media":195773,"comment_status":"","ping_status":"","sticky":false,"template":"","format":"standard","meta":{"footnotes":""},"categories":[141],"tags":[11537,12782,114,115,149,150,32,33,1973],"class_list":{"0":"post-195772","1":"post","2":"type-post","3":"status-publish","4":"format-standard","5":"has-post-thumbnail","7":"category-musica","8":"tag-addison-rae","9":"tag-charli-xcx","10":"tag-entertainment","11":"tag-entretenimento","12":"tag-music","13":"tag-musica","14":"tag-portugal","15":"tag-pt","16":"tag-taylor-swift"},"share_on_mastodon":{"url":"https:\/\/pubeurope.com\/@pt\/115750951145902251","error":""},"_links":{"self":[{"href":"https:\/\/www.europesays.com\/pt\/wp-json\/wp\/v2\/posts\/195772","targetHints":{"allow":["GET"]}}],"collection":[{"href":"https:\/\/www.europesays.com\/pt\/wp-json\/wp\/v2\/posts"}],"about":[{"href":"https:\/\/www.europesays.com\/pt\/wp-json\/wp\/v2\/types\/post"}],"author":[{"embeddable":true,"href":"https:\/\/www.europesays.com\/pt\/wp-json\/wp\/v2\/users\/2"}],"replies":[{"embeddable":true,"href":"https:\/\/www.europesays.com\/pt\/wp-json\/wp\/v2\/comments?post=195772"}],"version-history":[{"count":0,"href":"https:\/\/www.europesays.com\/pt\/wp-json\/wp\/v2\/posts\/195772\/revisions"}],"wp:featuredmedia":[{"embeddable":true,"href":"https:\/\/www.europesays.com\/pt\/wp-json\/wp\/v2\/media\/195773"}],"wp:attachment":[{"href":"https:\/\/www.europesays.com\/pt\/wp-json\/wp\/v2\/media?parent=195772"}],"wp:term":[{"taxonomy":"category","embeddable":true,"href":"https:\/\/www.europesays.com\/pt\/wp-json\/wp\/v2\/categories?post=195772"},{"taxonomy":"post_tag","embeddable":true,"href":"https:\/\/www.europesays.com\/pt\/wp-json\/wp\/v2\/tags?post=195772"}],"curies":[{"name":"wp","href":"https:\/\/api.w.org\/{rel}","templated":true}]}}