{"id":195776,"date":"2025-12-20T08:34:11","date_gmt":"2025-12-20T08:34:11","guid":{"rendered":"https:\/\/www.europesays.com\/pt\/195776\/"},"modified":"2025-12-20T08:34:11","modified_gmt":"2025-12-20T08:34:11","slug":"portugues-suspeito-de-homicidios-nos-estados-unidos-morreu-dois-dias-antes-do-corpo-ser-encontrado","status":"publish","type":"post","link":"https:\/\/www.europesays.com\/pt\/195776\/","title":{"rendered":"Portugu\u00eas suspeito de homic\u00eddios nos Estados Unidos morreu dois dias antes do corpo ser encontrado"},"content":{"rendered":"<p class=\"category\"><a href=\"https:\/\/sicnoticias.pt\/mundo\/eua\" rel=\"nofollow noopener\" target=\"_blank\">EUA<\/a><\/p>\n<p>A aut\u00f3psia a Cl\u00e1udio Neves Valente revelou que este estava morto h\u00e1 dois dias quando o corpo foi descoberto em New Hampshire. Valente, de 48 anos, morreu na ter\u00e7a-feira, no mesmo dia que o f\u00edsico Nuno Loureiro faleceu no hospital.\u00a0<\/p>\n<p><img decoding=\"async\" src=\"https:\/\/www.europesays.com\/pt\/wp-content\/uploads\/2025\/12\/1766219651_363_original.webp\" alt=\"Portugu\u00eas suspeito de homic\u00eddios nos Estados Unidos morreu dois dias antes do corpo ser encontrado\"\/><\/p>\n<p>U.S. Attorney Massachusetts\/Reuters<\/p>\n<p><strong>A aut\u00f3psia ao suspeito de matar o f\u00edsico Nuno Loureiro e outras duas pessoas na Universidade Brown, nos Estados Unidos, determinou que o portugu\u00eas estava morto h\u00e1 dois dias quando o corpo foi encontrado, adiantaram as autoridades norte-americanas.<\/strong><\/p>\n<p>As autoridades encontraram Cl\u00e1udio Neves Valente morto num armaz\u00e9m em New Hampshire na quinta-feira \u00e0 noite.<\/p>\n<p>A aut\u00f3psia determinou que Neves Valente, um portugu\u00eas que vivia nos Estados Unidos, morreu na ter\u00e7a-feira, no mesmo dia em que o compatriota, o professor do Instituto de Tecnologia de Massachusetts (MIT), Nuno Loureiro, morreu num hospital, informou o gabinete do procurador-geral de New Hampshire, John Formella, em comunicado.<\/p>\n<p>A informa\u00e7\u00e3o divulgada n\u00e3o detalhou a hora exata da morte, noticiou a ag\u00eancia Associated Press (AP).<\/p>\n<p>As autoridades acreditam que, depois de matar dois estudantes e ferir outros nove no s\u00e1bado passado em Brown, onde foi estudante de p\u00f3s-gradua\u00e7\u00e3o durante o ano letivo de 2000-01, Neves Valente disparou sobre Loureiro, na sua casa, na regi\u00e3o de Boston, na noite de segunda-feira.<\/p>\n<p>Os investigadores ainda tentavam esclarecer porque \u00e9 que Neves Valente ter\u00e1 aberto fogo no campus d\u00e9cadas depois de ter abandonado os estudos e, mais tarde, assassinado Loureiro, com quem estudou em Portugal na d\u00e9cada de 1990.<\/p>\n<p>Peter Neronha, procurador-geral de Rhode Island, estado onde se situa a Universidade Brown, frisou que ainda &#8220;h\u00e1 muitas inc\u00f3gnitas&#8221; sobre o caso.<\/p>\n<p>Neves Valente, de 48 anos, foi encontrado morto na quinta-feira \u00e0 noite, v\u00edtima de um ferimento de bala autoinfligido, informou o chefe da pol\u00edcia de Providence, coronel Oscar Perez.<\/p>\n<p>A descoberta do corpo de Neves Valente num armaz\u00e9m em New Hampshire p\u00f4s fim \u00e0 busca de quase uma semana pelo respons\u00e1vel pelo homic\u00eddio de dois estudantes e nove feridos num audit\u00f3rio da Universidade Brown, no passado s\u00e1bado.<\/p>\n<p>Os investigadores acreditam que o ex-aluno da Brown matou Loureiro na sua casa em Brookline, um sub\u00farbio de Boston a cerca de 80 quil\u00f3metros a norte de Providence, na segunda-feira.<\/p>\n<p>Perez acrescentou que, tanto quanto os investigadores sabem, Neves Valente agiu sozinho.<\/p>\n<p>Valente foi monitor do Instituto Superior T\u00e9cnico (IST), em Lisboa, onde foi colega de curso de Loureiro, tendo a institui\u00e7\u00e3o rescindido o contrato no ano em que foi estudar para os Estados Unidos.<\/p>\n<p>Em fevereiro de 2000, o T\u00e9cnico rescindiu o contrato que tinha com Cl\u00e1udio Neves Valente como monitor, conforme consta num despacho publicado em mar\u00e7o desse ano no Di\u00e1rio da Rep\u00fablica.<\/p>\n<p>Suspeito e v\u00edtima foram colegas de curso no IST, indicou esta a institui\u00e7\u00e3o, que foi contactada pelas autoridades norte-americanas na sequ\u00eancia das investiga\u00e7\u00f5es do homic\u00eddio.<\/p>\n","protected":false},"excerpt":{"rendered":"EUA A aut\u00f3psia a Cl\u00e1udio Neves Valente revelou que este estava morto h\u00e1 dois dias quando o corpo&hellip;\n","protected":false},"author":2,"featured_media":195777,"comment_status":"","ping_status":"","sticky":false,"template":"","format":"standard","meta":{"footnotes":""},"categories":[50],"tags":[27,28,15,16,14,25,26,21,22,62,12,13,19,20,23,24,17,18,29,30,31,63,64,65],"class_list":{"0":"post-195776","1":"post","2":"type-post","3":"status-publish","4":"format-standard","5":"has-post-thumbnail","7":"category-mundo","8":"tag-breaking-news","9":"tag-breakingnews","10":"tag-featured-news","11":"tag-featurednews","12":"tag-headlines","13":"tag-latest-news","14":"tag-latestnews","15":"tag-main-news","16":"tag-mainnews","17":"tag-mundo","18":"tag-news","19":"tag-noticias","20":"tag-noticias-principais","21":"tag-noticiasprincipais","22":"tag-principais-noticias","23":"tag-principaisnoticias","24":"tag-top-stories","25":"tag-topstories","26":"tag-ultimas","27":"tag-ultimas-noticias","28":"tag-ultimasnoticias","29":"tag-world","30":"tag-world-news","31":"tag-worldnews"},"share_on_mastodon":{"url":"https:\/\/pubeurope.com\/@pt\/115750978749398773","error":""},"_links":{"self":[{"href":"https:\/\/www.europesays.com\/pt\/wp-json\/wp\/v2\/posts\/195776","targetHints":{"allow":["GET"]}}],"collection":[{"href":"https:\/\/www.europesays.com\/pt\/wp-json\/wp\/v2\/posts"}],"about":[{"href":"https:\/\/www.europesays.com\/pt\/wp-json\/wp\/v2\/types\/post"}],"author":[{"embeddable":true,"href":"https:\/\/www.europesays.com\/pt\/wp-json\/wp\/v2\/users\/2"}],"replies":[{"embeddable":true,"href":"https:\/\/www.europesays.com\/pt\/wp-json\/wp\/v2\/comments?post=195776"}],"version-history":[{"count":0,"href":"https:\/\/www.europesays.com\/pt\/wp-json\/wp\/v2\/posts\/195776\/revisions"}],"wp:featuredmedia":[{"embeddable":true,"href":"https:\/\/www.europesays.com\/pt\/wp-json\/wp\/v2\/media\/195777"}],"wp:attachment":[{"href":"https:\/\/www.europesays.com\/pt\/wp-json\/wp\/v2\/media?parent=195776"}],"wp:term":[{"taxonomy":"category","embeddable":true,"href":"https:\/\/www.europesays.com\/pt\/wp-json\/wp\/v2\/categories?post=195776"},{"taxonomy":"post_tag","embeddable":true,"href":"https:\/\/www.europesays.com\/pt\/wp-json\/wp\/v2\/tags?post=195776"}],"curies":[{"name":"wp","href":"https:\/\/api.w.org\/{rel}","templated":true}]}}