{"id":195778,"date":"2025-12-20T08:36:22","date_gmt":"2025-12-20T08:36:22","guid":{"rendered":"https:\/\/www.europesays.com\/pt\/195778\/"},"modified":"2025-12-20T08:36:22","modified_gmt":"2025-12-20T08:36:22","slug":"eua-lancam-ataque-macico-contra-alvos-do-estado-islamico-na-siria","status":"publish","type":"post","link":"https:\/\/www.europesays.com\/pt\/195778\/","title":{"rendered":"EUA\u00a0lan\u00e7am &#8220;ataque maci\u00e7o&#8221; contra alvos do Estado Isl\u00e2mico na S\u00edria"},"content":{"rendered":"<p class=\"category\"><a href=\"https:\/\/sicnoticias.pt\/mundo\/eua\" rel=\"nofollow noopener\" target=\"_blank\">EUA<\/a><\/p>\n<p>O secret\u00e1rio da Defesa, Pete Hegseth, referiu nas redes sociais que o objetivo do ataque \u00e9 &#8220;eliminar os combatentes, as infraestruturas e as instala\u00e7\u00f5es de armamento do Estado Isl\u00e2mico&#8221; na S\u00edria.<\/p>\n<p><img decoding=\"async\" src=\"https:\/\/www.europesays.com\/pt\/wp-content\/uploads\/2025\/12\/1766219782_496_original.webp\" alt=\"Donald Trump\"\/><\/p>\n<p>Donald Trump<\/p>\n<p>Doug Mills<\/p>\n<p><strong>As autoridades norte-americanas anunciaram esta sexta-feira o lan\u00e7amento de um <\/strong><strong>&#8220;ataque maci\u00e7o&#8221; <\/strong><strong>contra alvos do Estado Isl\u00e2mico na S\u00edria, em retalia\u00e7\u00e3o por um\u00a0<\/strong><a href=\"https:\/\/sicnoticias.pt\/mundo\/2025-12-13-tres-norte-americanos-foram-mortos-em-ataque-do-estado-islamico-na-siria-b6b6a307?utm_source=sicnot&amp;utm_medium=search&amp;utm_campaign=WEB&amp;utm_content=\/mundo\/2025-12-13-tres-norte-americanos-foram-mortos-em-ataque-do-estado-islamico-na-siria-b6b6a307\" target=\"_blank\" rel=\"noopener noreferrer nofollow\"><strong>ataque que matou tr\u00eas norte-americanos<\/strong><\/a><strong>, incluindo dois militares, no pa\u00eds.\u00a0<\/strong><\/p>\n<p>O Comando Central norte-americano (CENTCOM) referiu num breve comunicado que\u00a0as suas for\u00e7as\u00a0&#8220;iniciaram um ataque em grande escala contra as infraestruturas e os dep\u00f3sitos de armas do Estado Isl\u00e2mico na S\u00edria&#8221;.\u00a0\u00a0<\/p>\n<blockquote><p>&#8220;Este ataque maci\u00e7o ocorre ap\u00f3s o ataque de 13 de dezembro contra as for\u00e7as norte-americanas e aliadas&#8221;,\u00a0adiantou, em\u00a0refer\u00eancia ao assass\u00ednio dos seus militares na prov\u00edncia s\u00edria de Palmira.\u00a0<\/p><\/blockquote>\n<p>O secret\u00e1rio da Defesa, Pete\u00a0Hegseth,\u00a0referiu nas redes sociais que o objetivo do ataque <strong>\u00e9\u00a0<\/strong><strong>&#8220;eliminar os combatentes, as infraestruturas e as instala\u00e7\u00f5es de armamento do Estado Isl\u00e2mico<\/strong><strong>&#8221; na S\u00edria.\u00a0<\/strong><\/p>\n<blockquote><p>&#8220;Este n\u00e3o \u00e9 o in\u00edcio de uma guerra &#8212; \u00e9 uma declara\u00e7\u00e3o de vingan\u00e7a. Os Estados Unidos da Am\u00e9rica, sob a lideran\u00e7a do\u00a0Presidente\u00a0Trump, nunca hesitar\u00e3o e nunca ceder\u00e3o na defesa do\u00a0seu\u00a0povo&#8221;,\u00a0adiantou.\u00a0<\/p><\/blockquote>\n<p style=\"text-align: start;\">Um respons\u00e1vel norte-americano disse \u00e0 Associated Press que o ataque <strong>foi realizado com ca\u00e7as F-15 Eagle, avi\u00f5es de ataque ao solo A-10 Thunderbolt e helic\u00f3pteros AH-64 Apache.<\/strong><\/p>\n<p><strong>Trump\u00a0diz que ataque tem apoio de Damasco\u00a0<\/strong><\/p>\n<p style=\"text-align: start;\">O Presidente norte-americano, Donald Trump, <strong>afirmou que o governo da S\u00edria apoiou a ofensiva.<\/strong><\/p>\n<blockquote style=\"text-align: start;\"><p>&#8220;O Governo da S\u00edria, liderado por um homem que est\u00e1 a trabalhar arduamente para trazer a grandeza de volta \u00e0 S\u00edria, apoia totalmente esta iniciativa&#8221;, afirmou\u00a0Trump\u00a0nas redes sociais, pouco depois de o Pent\u00e1gono dar conta do &#8220;ataque maci\u00e7o&#8221; conta alvos\u00a0do EI.\u00a0<\/p><\/blockquote>\n<blockquote style=\"text-align: start;\"><p>&#8220;Todos os terroristas que forem suficientemente p\u00e9rfidos para atacar americanos est\u00e3o avisados: SER\u00c3O ATINGIDOS COM MAIS FOR\u00c7A DO QUE NUNCA SE ATACAREM OU AMEA\u00c7AREM OS EUA DE QUALQUER FORMA&#8221;, adiantou o Presidente norte-americano.\u00a0<\/p><\/blockquote>\n<p style=\"text-align: start;\">Esta <strong>foi a primeira vez que um ataque deste tipo ocorreu na S\u00edria<\/strong> desde que, h\u00e1 um ano, uma coliga\u00e7\u00e3o isl\u00e2mica que se aproximou dos Estados Unidos tomou o poder.\u00a0<\/p>\n<p style=\"text-align: start;\">Trump reuniu-se esta semana em privado\u00a0na Base A\u00e9rea de Dover, no Delaware, com as fam\u00edlias dos norte-americanos mortos.<\/p>\n<p style=\"text-align: start;\">Juntou-se depois\u00a0a altos oficiais militares e outras autoridades na pista de aterragem para a solene transfer\u00eancia dos corpos, um ritual silencioso em homenagem aos militares norte-americanos mortos em combate.<\/p>\n<p style=\"text-align: start;\">Washington afirmou que os norte-americanos foram mortos na sequ\u00eancia <strong>de uma <\/strong><strong>&#8220;emboscada por um atirador isolado&#8221;<\/strong><strong> do EI<\/strong>, que no passado controlava a regi\u00e3o de Palmira.\u00a0<\/p>\n<p style=\"text-align: start;\"><strong>Tr\u00eas outros soldados norte-americanos ficaram feridos<\/strong> neste atentado, de acordo com o comando militar americano para o M\u00e9dio Oriente.\u00a0<\/p>\n<p style=\"text-align: start;\">O agressor, um membro das for\u00e7as de seguran\u00e7a s\u00edrias que se ter\u00e1 radicalizado,<strong> tamb\u00e9m morreu.\u00a0<\/strong><\/p>\n<p style=\"text-align: start;\">O contingente norte-americano estava na regi\u00e3o des\u00e9rtica de Palmira para uma miss\u00e3o de apoio \u00e0s opera\u00e7\u00f5es em curso contra o EI, segundo o Pent\u00e1gono, que adiantou que o civil norte-americano morto era um int\u00e9rprete.\u00a0<\/p>\n<p>Governo s\u00edrio condenou o &#8220;ataque terrorista&#8221;<\/p>\n<p style=\"text-align: start;\">O <strong>governo s\u00edrio condenou o <\/strong><strong>&#8220;ataque terrorista&#8221;<\/strong>, que tamb\u00e9m feriu dois membros das for\u00e7as de seguran\u00e7a s\u00edrias, segundo a ag\u00eancia oficial Sana.\u00a0<\/p>\n<p style=\"text-align: start;\">As for\u00e7as da coliga\u00e7\u00e3o contra o Estado Isl\u00e2mico, liderada pelos Estados Unidos, na S\u00edria, lan\u00e7aram, no s\u00e1bado, <strong>uma campanha de deten\u00e7\u00f5es ap\u00f3s o ataque.<\/strong><\/p>\n<p style=\"text-align: start;\">Fontes citadas por uma cadeia de televis\u00e3o s\u00edria indicaram que os militares da for\u00e7a internacional apoiados pelo ex\u00e9rcito s\u00edrio <strong>detiveram pelo menos tr\u00eas pessoas numa incurs\u00e3o nos bairros de Al\u00a0Wasi\u00a0e Al\u00a0Yunhuriya<\/strong>, em Palmira,\u00a0que durou cerca de duas horas.\u00a0<\/p>\n<p style=\"text-align: start;\">Anteriormente, avi\u00f5es americanos lan\u00e7aram m\u00edsseis sobre a cidade, segundo a S\u00edria TV. O jornal americano\u00a0The\u00a0Wall Street\u00a0Journal\u00a0informou que dois avi\u00f5es F-16 foram enviados para sobrevoar Palmira como um gesto de for\u00e7a ap\u00f3s o ataque.\u00a0<\/p>\n<p style=\"text-align: start;\">[ Artigo atualizado \u00e0s 00:26]<\/p>\n","protected":false},"excerpt":{"rendered":"EUA O secret\u00e1rio da Defesa, Pete Hegseth, referiu nas redes sociais que o objetivo do ataque \u00e9 &#8220;eliminar&hellip;\n","protected":false},"author":2,"featured_media":195779,"comment_status":"","ping_status":"","sticky":false,"template":"","format":"standard","meta":{"footnotes":""},"categories":[8],"tags":[27,28,15,16,14,25,26,21,22,12,13,19,20,32,23,24,33,17,18,29,30,31],"class_list":{"0":"post-195778","1":"post","2":"type-post","3":"status-publish","4":"format-standard","5":"has-post-thumbnail","7":"category-principais-noticias","8":"tag-breaking-news","9":"tag-breakingnews","10":"tag-featured-news","11":"tag-featurednews","12":"tag-headlines","13":"tag-latest-news","14":"tag-latestnews","15":"tag-main-news","16":"tag-mainnews","17":"tag-news","18":"tag-noticias","19":"tag-noticias-principais","20":"tag-noticiasprincipais","21":"tag-portugal","22":"tag-principais-noticias","23":"tag-principaisnoticias","24":"tag-pt","25":"tag-top-stories","26":"tag-topstories","27":"tag-ultimas","28":"tag-ultimas-noticias","29":"tag-ultimasnoticias"},"share_on_mastodon":{"url":"https:\/\/pubeurope.com\/@pt\/115750986638673504","error":""},"_links":{"self":[{"href":"https:\/\/www.europesays.com\/pt\/wp-json\/wp\/v2\/posts\/195778","targetHints":{"allow":["GET"]}}],"collection":[{"href":"https:\/\/www.europesays.com\/pt\/wp-json\/wp\/v2\/posts"}],"about":[{"href":"https:\/\/www.europesays.com\/pt\/wp-json\/wp\/v2\/types\/post"}],"author":[{"embeddable":true,"href":"https:\/\/www.europesays.com\/pt\/wp-json\/wp\/v2\/users\/2"}],"replies":[{"embeddable":true,"href":"https:\/\/www.europesays.com\/pt\/wp-json\/wp\/v2\/comments?post=195778"}],"version-history":[{"count":0,"href":"https:\/\/www.europesays.com\/pt\/wp-json\/wp\/v2\/posts\/195778\/revisions"}],"wp:featuredmedia":[{"embeddable":true,"href":"https:\/\/www.europesays.com\/pt\/wp-json\/wp\/v2\/media\/195779"}],"wp:attachment":[{"href":"https:\/\/www.europesays.com\/pt\/wp-json\/wp\/v2\/media?parent=195778"}],"wp:term":[{"taxonomy":"category","embeddable":true,"href":"https:\/\/www.europesays.com\/pt\/wp-json\/wp\/v2\/categories?post=195778"},{"taxonomy":"post_tag","embeddable":true,"href":"https:\/\/www.europesays.com\/pt\/wp-json\/wp\/v2\/tags?post=195778"}],"curies":[{"name":"wp","href":"https:\/\/api.w.org\/{rel}","templated":true}]}}