{"id":195786,"date":"2025-12-20T08:50:50","date_gmt":"2025-12-20T08:50:50","guid":{"rendered":"https:\/\/www.europesays.com\/pt\/195786\/"},"modified":"2025-12-20T08:50:50","modified_gmt":"2025-12-20T08:50:50","slug":"presidenciais-sorteio-coloca-ricardo-sousa-em-primeiro-e-gouveia-e-melo-em-ultimo-nos-boletins-de-voto","status":"publish","type":"post","link":"https:\/\/www.europesays.com\/pt\/195786\/","title":{"rendered":"Presidenciais. Sorteio coloca Ricardo Sousa em primeiro e Gouveia e Melo em \u00faltimo nos boletins de voto"},"content":{"rendered":"<p>&#13;<br \/>\nDe acordo com o resultado do sorteio hoje realizado no Tribunal Constitucional, o primeiro nome a figurar nos boletins de voto \u00e9 o do antigo vereador do PSD na C\u00e2mara Municipal de Paredes Ricardo Sousa, enquanto Gouveia e Melo ocupa a \u00faltima posi\u00e7\u00e3o. &#13;\n<\/p>\n<p>&#13;<br \/>\nO presidente do TC, Jos\u00e9 Jo\u00e3o Abrantes, protagonizou os procedimentos, perante representantes das diversas candidaturas e jornalistas, que pela primeira vez puderam assistir \u00e0 sess\u00e3o.&#13;\n<\/p>\n<p>&#13;<br \/>\nNo sorteio, o primeiro nome a sair da urna foi o de Lu\u00eds Marques Mendes, sendo-lhe depois atribu\u00eddo o n\u00famero 11. O mesmo procedimento foi adotado para os outros candidatos, ficando estabelecido o ordenamento final.&#13;\n<\/p>\n<p>&#13;<br \/>\nAndr\u00e9 Pestana surge em segundo lugar no boletim, Jorge Pinto (apoiado pelo Livre) na terceira posi\u00e7\u00e3o, Joana Amaral Dias na quarta, Manuel Jo\u00e3o Vieira em quinto, Jos\u00e9 Cardoso em sexto, Catarina Martins (apoiada pelo BE) em s\u00e9timo, sendo seguida por Jo\u00e3o Cotrim Figueiredo (apoiado pela IL) e por Humberto Correia, em nono.&#13;\n<\/p>\n<p>&#13;<br \/>\nAnt\u00f3nio Jos\u00e9 Seguro (apoiado pelo PS) ocupa o 10.\u00ba lugar, sendo seguido no boletim por Marques Mendes, o candidato que conta com o apoio dos partidos do Governo (PSD e CDS-PP), enquanto Andr\u00e9 Ventura (apoiado pelo Chega) est\u00e1 na 12.\u00aa linha e Ant\u00f3nio Filipe (apoiado pelo PCP) na 13.\u00aa.&#13;\n<\/p>\n<p>&#13;<br \/>\nAt\u00e9 ao prazo-limite de 18 de dezembro dirigiram-se ao TC 14 cidad\u00e3os que entregaram documenta\u00e7\u00e3o com a inten\u00e7\u00e3o de concorrerem ao Pal\u00e1cio de Bel\u00e9m, segundo fonte da secretaria-geral do \u00f3rg\u00e3o de soberania.&#13;\n<\/p>\n<p>&#13;<br \/>\nOs ju\u00edzes do Pal\u00e1cio Ratton t\u00eam at\u00e9 24 de dezembro para verificar a admissibilidade das proposituras, nomeadamente o n\u00famero m\u00ednimo de 7.500 assinaturas v\u00e1lidas de cidad\u00e3os eleitores.&#13;\n<\/p>\n<p>&#13;<br \/>\nSegue-se um per\u00edodo de recurso por parte das candidaturas consideradas ineleg\u00edveis ou com irregularidades e a decis\u00e3o final \u00e9 proferida at\u00e9 2 de janeiro.&#13;\n<\/p>\n<p>&#13;<br \/>\n&#8211; Ordem das candidaturas presidenciais:&#13;<br \/>\n&#13;\n<\/p>\n<p>&#13;<br \/>\n1. Ricardo Sousa &#13;\n<\/p>\n<p>&#13;<br \/>\n2. Andr\u00e9 Pestana&#13;\n<\/p>\n<p>&#13;<br \/>\n3. Jorge Pinto&#13;\n<\/p>\n<p>&#13;<br \/>\n4. Joana Amaral Dias&#13;\n<\/p>\n<p>&#13;<br \/>\n5. Manuel Jo\u00e3o Vieira&#13;\n<\/p>\n<p>&#13;<br \/>\n6. Jos\u00e9 Cardoso&#13;\n<\/p>\n<p>&#13;<br \/>\n7. Catarina Martins&#13;\n<\/p>\n<p>&#13;<br \/>\n8. Jo\u00e3o Cotrim Figueiredo&#13;\n<\/p>\n<p>&#13;<br \/>\n9. Humberto Correia&#13;\n<\/p>\n<p>&#13;<br \/>\n10. Ant\u00f3nio Jos\u00e9 Seguro&#13;\n<\/p>\n<p>&#13;<br \/>\n11. Lu\u00eds Marques Mendes&#13;\n<\/p>\n<p>&#13;<br \/>\n12. Andr\u00e9 Ventura&#13;\n<\/p>\n<p>&#13;<br \/>\n13. Ant\u00f3nio Filipe &#13;\n<\/p>\n<p>&#13;<br \/>\n14. Henrique Gouveia e Melo&#13;<\/p>\n","protected":false},"excerpt":{"rendered":"&#13; De acordo com o resultado do sorteio hoje realizado no Tribunal Constitucional, o primeiro nome a figurar&hellip;\n","protected":false},"author":2,"featured_media":195787,"comment_status":"","ping_status":"","sticky":false,"template":"","format":"standard","meta":{"footnotes":""},"categories":[8],"tags":[39116,27,28,39115,4580,15,16,14,25071,25,26,21,22,12,13,19,20,32,23,24,33,17,18,29,30,31],"class_list":{"0":"post-195786","1":"post","2":"type-post","3":"status-publish","4":"format-standard","5":"has-post-thumbnail","7":"category-principais-noticias","8":"tag-aal","9":"tag-breaking-news","10":"tag-breakingnews","11":"tag-cardoso-catarina","12":"tag-cds-pp","13":"tag-featured-news","14":"tag-featurednews","15":"tag-headlines","16":"tag-henrique-gouveia","17":"tag-latest-news","18":"tag-latestnews","19":"tag-main-news","20":"tag-mainnews","21":"tag-news","22":"tag-noticias","23":"tag-noticias-principais","24":"tag-noticiasprincipais","25":"tag-portugal","26":"tag-principais-noticias","27":"tag-principaisnoticias","28":"tag-pt","29":"tag-top-stories","30":"tag-topstories","31":"tag-ultimas","32":"tag-ultimas-noticias","33":"tag-ultimasnoticias"},"share_on_mastodon":{"url":"https:\/\/pubeurope.com\/@pt\/115751045259875439","error":""},"_links":{"self":[{"href":"https:\/\/www.europesays.com\/pt\/wp-json\/wp\/v2\/posts\/195786","targetHints":{"allow":["GET"]}}],"collection":[{"href":"https:\/\/www.europesays.com\/pt\/wp-json\/wp\/v2\/posts"}],"about":[{"href":"https:\/\/www.europesays.com\/pt\/wp-json\/wp\/v2\/types\/post"}],"author":[{"embeddable":true,"href":"https:\/\/www.europesays.com\/pt\/wp-json\/wp\/v2\/users\/2"}],"replies":[{"embeddable":true,"href":"https:\/\/www.europesays.com\/pt\/wp-json\/wp\/v2\/comments?post=195786"}],"version-history":[{"count":0,"href":"https:\/\/www.europesays.com\/pt\/wp-json\/wp\/v2\/posts\/195786\/revisions"}],"wp:featuredmedia":[{"embeddable":true,"href":"https:\/\/www.europesays.com\/pt\/wp-json\/wp\/v2\/media\/195787"}],"wp:attachment":[{"href":"https:\/\/www.europesays.com\/pt\/wp-json\/wp\/v2\/media?parent=195786"}],"wp:term":[{"taxonomy":"category","embeddable":true,"href":"https:\/\/www.europesays.com\/pt\/wp-json\/wp\/v2\/categories?post=195786"},{"taxonomy":"post_tag","embeddable":true,"href":"https:\/\/www.europesays.com\/pt\/wp-json\/wp\/v2\/tags?post=195786"}],"curies":[{"name":"wp","href":"https:\/\/api.w.org\/{rel}","templated":true}]}}