{"id":195796,"date":"2025-12-20T09:02:19","date_gmt":"2025-12-20T09:02:19","guid":{"rendered":"https:\/\/www.europesays.com\/pt\/195796\/"},"modified":"2025-12-20T09:02:19","modified_gmt":"2025-12-20T09:02:19","slug":"presidente-polaco-lamenta-a-zelensky-ingratidao-por-apoio-observador","status":"publish","type":"post","link":"https:\/\/www.europesays.com\/pt\/195796\/","title":{"rendered":"Presidente polaco lamenta a Zelensky ingratid\u00e3o por apoio \u2013 Observador"},"content":{"rendered":"<p><a href=\"https:\/\/observador.pt\/liveblogs\/ue-aprova-pacote-de-90-mil-milhoes-de-euros-para-a-ucrania-ativos-russos-congelados-nao-vao-ser-usados\/\" rel=\"nofollow noopener\" target=\"_blank\">Acompanhe o nosso\u00a0liveblog sobre a Guerra na Ucr\u00e2nia<\/a><\/p>\n<p>O Presidente polaco, Karol Nawrocki, lamentou esta sexta-feira junto do hom\u00f3logo ucraniano, Volodymyr Zelensky, o que apontou como falta de gratid\u00e3o da Ucr\u00e2nia pelo apoio de Vars\u00f3via ao longo de quase quatro anos de luta contra a invas\u00e3o russa.<\/p>\n<p>Em confer\u00eancia de imprensa ap\u00f3s a quinta visita oficial de Zelensky \u00e0 Pol\u00f3nia, Nawrocki transmitiu o que considera ser um sentimento de desconforto na sociedade polaca relativamente \u00e0 alegada falta de reconhecimento pelo apoio prestado desde o in\u00edcio da guerra.<\/p>\n<p><strong>\u201cOs polacos t\u00eam a impress\u00e3o de que os nossos esfor\u00e7os e assist\u00eancia \u00e0 Ucr\u00e2nia em todas as frentes n\u00e3o foram recebidos com a devida gratid\u00e3o e compreens\u00e3o\u201d<\/strong>, afirmou o Presidente polaco, que assumiu o cargo no ver\u00e3o, real\u00e7ando que, desde 2022, a Pol\u00f3nia destinou 4,91% do Produto Interno Bruto ao apoio humanit\u00e1rio e militar ao pa\u00eds vizinho.<\/p>\n<p>O chefe de Estado nacionalista e conservador colocou a Casa Branca no centro da solu\u00e7\u00e3o para o conflito e afirmou que o Presidente norte-americano, Donald Trump, de quem \u00e9 pr\u00f3ximo e o apoiou publicamente na sua elei\u00e7\u00e3o, \u201c\u00e9 o \u00fanico l\u00edder no mundo disposto a for\u00e7ar [o Presidente russo] Vladimir Putin a assinar um acordo de paz\u201d.<\/p>\n<p>Para o Presidente da Pol\u00f3nia, a participa\u00e7\u00e3o de Trump constitui por si s\u00f3 uma garantia para a preserva\u00e7\u00e3o da integridade territorial da Ucr\u00e2nia e da seguran\u00e7a regional.<\/p>\n<p>Karol Nawrocki defendeu na campanha eleitoral que o levou \u00e0 presid\u00eancia, com apoio do maior partido de oposi\u00e7\u00e3o, o <strong>fim dos benef\u00edcios estatais concedidos a cerca de um milh\u00e3o de refugiados ucranianos<\/strong> na Pol\u00f3nia e <strong>op\u00f4s-se \u00e0 ades\u00e3o de Kiev \u00e0 Uni\u00e3o Europeia e \u00e0 NATO<\/strong>, pelo menos enquanto n\u00e3o assumir responsabilidade pelo massacre de milhares de civis polacos em 1943 em Volhynia.<\/p>\n<p>Por outro lado, enfureceu Moscovo pelo papel, enquanto diretor do Instituto da Mem\u00f3ria Nacional, na <strong>elimina\u00e7\u00e3o de s\u00edmbolos sovi\u00e9ticos na Pol\u00f3nia<\/strong>, e ao descrever a R\u00fassia como \u201cum Estado b\u00e1rbaro, cruel e que devia ser isolado\u201d.<\/p>\n<p>Por seu lado, Zelensky descreveu o encontro desta sexta-feira como \u201cmuito positivo\u201d, manifestando o desejo de ultrapassar as tens\u00f5es que t\u00eam prejudicado as rela\u00e7\u00f5es bilaterais nos \u00faltimos anos.<\/p>\n<p>O Presidente ucraniano defendeu \u201cum novo cap\u00edtulo, ainda mais importante\u201d nas rela\u00e7\u00f5es entre Kiev e Vars\u00f3via e anunciou a disponibilidade para permitir o reatamento das exuma\u00e7\u00f5es de civis polacos massacrados por nacionalistas ucranianos durante a Segunda Guerra Mundial na Volhynia.<\/p>\n<p>\u201cDurante s\u00e9culos vivemos como vizinhos, mas tamb\u00e9m existem cap\u00edtulos tr\u00e1gicos na nossa hist\u00f3ria. Respeitamos a sua mem\u00f3ria do que aconteceu e contamos com o seu respeito pela nossa mem\u00f3ria\u201d, declarou.<\/p>\n<p>Apesar das diferen\u00e7as, <strong>os dois l\u00edderes destacaram os progressos alcan\u00e7ados na coopera\u00e7\u00e3o bilateral<\/strong>, com Zelensky a oferecer \u00e0 Pol\u00f3nia conhecimento militar em prote\u00e7\u00e3o contra drones e apelando para o envolvimento de empresas polacas na reconstru\u00e7\u00e3o do seu pa\u00eds.<\/p>\n<p>Nawrocki destacou pelo seu lado que a Pol\u00f3nia aspira a tornar-se num centro energ\u00e9tico regional, gra\u00e7as em parte ao com\u00e9rcio com a Ucr\u00e2nia, observando que 15% da energia que chega \u00e0 Ucr\u00e2nia j\u00e1 passa pelo terminal polaco em Swinoujscie.<\/p>\n","protected":false},"excerpt":{"rendered":"Acompanhe o nosso\u00a0liveblog sobre a Guerra na Ucr\u00e2nia O Presidente polaco, Karol Nawrocki, lamentou esta sexta-feira junto do&hellip;\n","protected":false},"author":2,"featured_media":195797,"comment_status":"","ping_status":"","sticky":false,"template":"","format":"standard","meta":{"footnotes":""},"categories":[50],"tags":[27,28,445,15,16,1123,14,25,26,21,22,62,12,13,19,20,7193,23,24,17,18,1124,29,30,31,63,64,65],"class_list":{"0":"post-195796","1":"post","2":"type-post","3":"status-publish","4":"format-standard","5":"has-post-thumbnail","7":"category-mundo","8":"tag-breaking-news","9":"tag-breakingnews","10":"tag-europa","11":"tag-featured-news","12":"tag-featurednews","13":"tag-guerra-na-ucru00e2nia","14":"tag-headlines","15":"tag-latest-news","16":"tag-latestnews","17":"tag-main-news","18":"tag-mainnews","19":"tag-mundo","20":"tag-news","21":"tag-noticias","22":"tag-noticias-principais","23":"tag-noticiasprincipais","24":"tag-polu00f3nia","25":"tag-principais-noticias","26":"tag-principaisnoticias","27":"tag-top-stories","28":"tag-topstories","29":"tag-ucru00e2nia","30":"tag-ultimas","31":"tag-ultimas-noticias","32":"tag-ultimasnoticias","33":"tag-world","34":"tag-world-news","35":"tag-worldnews"},"share_on_mastodon":{"url":"https:\/\/pubeurope.com\/@pt\/115751088492333532","error":""},"_links":{"self":[{"href":"https:\/\/www.europesays.com\/pt\/wp-json\/wp\/v2\/posts\/195796","targetHints":{"allow":["GET"]}}],"collection":[{"href":"https:\/\/www.europesays.com\/pt\/wp-json\/wp\/v2\/posts"}],"about":[{"href":"https:\/\/www.europesays.com\/pt\/wp-json\/wp\/v2\/types\/post"}],"author":[{"embeddable":true,"href":"https:\/\/www.europesays.com\/pt\/wp-json\/wp\/v2\/users\/2"}],"replies":[{"embeddable":true,"href":"https:\/\/www.europesays.com\/pt\/wp-json\/wp\/v2\/comments?post=195796"}],"version-history":[{"count":0,"href":"https:\/\/www.europesays.com\/pt\/wp-json\/wp\/v2\/posts\/195796\/revisions"}],"wp:featuredmedia":[{"embeddable":true,"href":"https:\/\/www.europesays.com\/pt\/wp-json\/wp\/v2\/media\/195797"}],"wp:attachment":[{"href":"https:\/\/www.europesays.com\/pt\/wp-json\/wp\/v2\/media?parent=195796"}],"wp:term":[{"taxonomy":"category","embeddable":true,"href":"https:\/\/www.europesays.com\/pt\/wp-json\/wp\/v2\/categories?post=195796"},{"taxonomy":"post_tag","embeddable":true,"href":"https:\/\/www.europesays.com\/pt\/wp-json\/wp\/v2\/tags?post=195796"}],"curies":[{"name":"wp","href":"https:\/\/api.w.org\/{rel}","templated":true}]}}