{"id":195798,"date":"2025-12-20T09:05:06","date_gmt":"2025-12-20T09:05:06","guid":{"rendered":"https:\/\/www.europesays.com\/pt\/195798\/"},"modified":"2025-12-20T09:05:06","modified_gmt":"2025-12-20T09:05:06","slug":"grupo-semapa-vende-cimenteira-secil-a-espanhola-molins-por-14-mil-milhoes-de-euros","status":"publish","type":"post","link":"https:\/\/www.europesays.com\/pt\/195798\/","title":{"rendered":"Grupo Semapa vende cimenteira Secil \u00e0 espanhola Molins por 1,4 mil milh\u00f5es de euros"},"content":{"rendered":"<p>&#13;<br \/>\n&#8220;Esta opera\u00e7\u00e3o representa um movimento estrat\u00e9gico para o grupo, permitindo fortalecer a nossa capacidade de investimento, dentro da estrat\u00e9gia delineada de diversifica\u00e7\u00e3o do `portef\u00f3lio`&#8221;, disse o diretor-executivo da Semapa, Ricardo Pires, citado hoje em comunicado.&#13;\n<\/p>\n<p>&#13;<br \/>\nPor sua vez, o diretor-executivo do grupo Molins, Marcos Cela, afirmou: &#8220;Juntos, iremos expandir a nossa oferta de solu\u00e7\u00f5es circulares e de baixo carbono, de elevado valor, para os nossos clientes, criando novas oportunidades para as nossas pessoas. Estou ansioso por dar as boas-vindas aos 2.900 colaboradores da Secil \u00e0 Molins.&#13;\n<\/p>\n<p>&#13;<br \/>\nA Secil, fundada em 1930, &#8220;\u00e9 uma das principais empresas portuguesas do setor cimenteiro, com presen\u00e7a internacional e uma trajet\u00f3ria de crescimento e cria\u00e7\u00e3o de valor reconhecida no setor&#8221;, refere a nota divulgada pela Semapa. &#13;\n<\/p>\n<p>&#13;<br \/>\nO grupo Semapa diz ter &#8220;mais de 8.000 colaboradores e presen\u00e7a em quatro continentes&#8221; e que, &#8220;em 2025, mais de 75% do seu volume de neg\u00f3cios foi gerado em mercados internacionais&#8221;.&#13;\n<\/p>\n<p>&#13;<br \/>\nDo seu portef\u00f3lio fazem parte outras empresas como ETSA (comida animal,ind\u00fastria alimentar, etc.), Semapa Next (`startups`), UTIS (combust\u00e3o industrial), Triangle`s (quadros de bicicletas) ou Imedex (tecnologia cl\u00ednica).&#13;\n<\/p>\n<p>&#13;<br \/>\nOs t\u00edtulos da Semapa fecharam na quinta-feira a subir 1,43% para 17 euros.&#13;<\/p>\n","protected":false},"excerpt":{"rendered":"&#13; &#8220;Esta opera\u00e7\u00e3o representa um movimento estrat\u00e9gico para o grupo, permitindo fortalecer a nossa capacidade de investimento, dentro&hellip;\n","protected":false},"author":2,"featured_media":195799,"comment_status":"","ping_status":"","sticky":false,"template":"","format":"standard","meta":{"footnotes":""},"categories":[8],"tags":[27,28,15,16,14,25,26,21,22,39117,12,13,19,20,32,23,24,33,39118,38963,17,18,29,30,31],"class_list":{"0":"post-195798","1":"post","2":"type-post","3":"status-publish","4":"format-standard","5":"has-post-thumbnail","7":"category-principais-noticias","8":"tag-breaking-news","9":"tag-breakingnews","10":"tag-featured-news","11":"tag-featurednews","12":"tag-headlines","13":"tag-latest-news","14":"tag-latestnews","15":"tag-main-news","16":"tag-mainnews","17":"tag-molins-cela","18":"tag-news","19":"tag-noticias","20":"tag-noticias-principais","21":"tag-noticiasprincipais","22":"tag-portugal","23":"tag-principais-noticias","24":"tag-principaisnoticias","25":"tag-pt","26":"tag-secil-molins","27":"tag-semapa","28":"tag-top-stories","29":"tag-topstories","30":"tag-ultimas","31":"tag-ultimas-noticias","32":"tag-ultimasnoticias"},"share_on_mastodon":{"url":"https:\/\/pubeurope.com\/@pt\/115751100464402572","error":""},"_links":{"self":[{"href":"https:\/\/www.europesays.com\/pt\/wp-json\/wp\/v2\/posts\/195798","targetHints":{"allow":["GET"]}}],"collection":[{"href":"https:\/\/www.europesays.com\/pt\/wp-json\/wp\/v2\/posts"}],"about":[{"href":"https:\/\/www.europesays.com\/pt\/wp-json\/wp\/v2\/types\/post"}],"author":[{"embeddable":true,"href":"https:\/\/www.europesays.com\/pt\/wp-json\/wp\/v2\/users\/2"}],"replies":[{"embeddable":true,"href":"https:\/\/www.europesays.com\/pt\/wp-json\/wp\/v2\/comments?post=195798"}],"version-history":[{"count":0,"href":"https:\/\/www.europesays.com\/pt\/wp-json\/wp\/v2\/posts\/195798\/revisions"}],"wp:featuredmedia":[{"embeddable":true,"href":"https:\/\/www.europesays.com\/pt\/wp-json\/wp\/v2\/media\/195799"}],"wp:attachment":[{"href":"https:\/\/www.europesays.com\/pt\/wp-json\/wp\/v2\/media?parent=195798"}],"wp:term":[{"taxonomy":"category","embeddable":true,"href":"https:\/\/www.europesays.com\/pt\/wp-json\/wp\/v2\/categories?post=195798"},{"taxonomy":"post_tag","embeddable":true,"href":"https:\/\/www.europesays.com\/pt\/wp-json\/wp\/v2\/tags?post=195798"}],"curies":[{"name":"wp","href":"https:\/\/api.w.org\/{rel}","templated":true}]}}