{"id":195807,"date":"2025-12-20T09:20:22","date_gmt":"2025-12-20T09:20:22","guid":{"rendered":"https:\/\/www.europesays.com\/pt\/195807\/"},"modified":"2025-12-20T09:20:22","modified_gmt":"2025-12-20T09:20:22","slug":"trump-suspende-programa-de-vistos-usado-por-claudio-valente-observador","status":"publish","type":"post","link":"https:\/\/www.europesays.com\/pt\/195807\/","title":{"rendered":"Trump suspende programa de vistos usado por Cl\u00e1udio Valente \u2013 Observador"},"content":{"rendered":"<p>O Presidente Donald Trump suspendeu o programa de vistos que permitiu a entrada de <a href=\"https:\/\/observador.pt\/especiais\/quem-e-claudio-neves-valente-o-suspeito-do-ataque-a-brown-e-do-assassinato-do-fisico-nuno-loureiro\/\" rel=\"nofollow noopener\" target=\"_blank\">Cla\u00fadio Valente<\/a> nos Estados Unidos da Am\u00e9rica. O portugu\u00eas \u00e9 suspeito de matar o f\u00edsico Nuno Loureiro e outras duas pessoas na Universidade Brown, em dois ataques separados.<\/p>\n<p>A secret\u00e1ria da Seguran\u00e7a Interna, Kristi Noem, anunciou esta quinta-feira que, a pedido de Trump, ordenou ao Servi\u00e7o de Cidadania e Imigra\u00e7\u00e3o dos EUA que suspendesse o programa.<\/p>\n<blockquote class=\"wp-embedded-content\" data-secret=\"wnZY6oJrwh\">\n<p><a href=\"https:\/\/observador.pt\/especiais\/quem-e-claudio-neves-valente-o-suspeito-do-ataque-a-brown-e-do-assassinato-do-fisico-nuno-loureiro\/\" rel=\"nofollow noopener\" target=\"_blank\">Quem \u00e9 Cl\u00e1udio Neves Valente, o suspeito do ataque a Brown e do assassinato do f\u00edsico Nuno Loureiro<\/a><\/p>\n<\/blockquote>\n<p>\u201cEste indiv\u00edduo hediondo nunca deveria ter tido permiss\u00e3o para entrar no nosso pa\u00eds\u201d, <a href=\"https:\/\/x.com\/Sec_Noem\/status\/2001873077089767435\" rel=\"nofollow\">escreveu<\/a> Noem\u00a0na rede social X, sobre o suspeito, o portugu\u00eas Cl\u00e1udio Neves Valente, de 48 anos.<\/p>\n<blockquote class=\"twitter-tweet\" data-width=\"500\" data-dnt=\"true\">\n<p lang=\"en\" dir=\"ltr\">The Brown University shooter, Claudio Manuel Neves Valente entered the United States through the diversity lottery immigrant visa program (DV1) in 2017 and was granted a green card. This heinous individual should never have been allowed in our country.\u00a0<\/p>\n<p>In 2017, President Trump\u2026<\/p>\n<p>\u2014 Secretary Kristi Noem (@Sec_Noem) <a href=\"https:\/\/twitter.com\/Sec_Noem\/status\/2001873077089767435?ref_src=twsrc%5Etfw\" rel=\"nofollow noopener\" target=\"_blank\">December 19, 2025<\/a><\/p>\n<\/blockquote>\n<p>Valente, ex-aluno da Brown, foi encontrado morto na noite de quinta-feira com um ferimento de bala autoinfligido, anunciou o chefe de pol\u00edcia de Providence, no estado norte-americano de Rhode Island, Oscar Perez, em confer\u00eancia de imprensa. Perez disse que, segundo a investiga\u00e7\u00e3o, o suspeito ter\u00e1 agido sozinho.<\/p>\n<p>O portugu\u00eas obteve o estatuto de residente permanente legal nos EUA em 2017, afirmou a procuradora federal de Massachusetts, Leah B. Foley.<\/p>\n<p>O programa de vistos, conhecido como \u2018green cards\u2019 ou \u2018cart\u00f5es verdes\u2019, <strong>disponibiliza anualmente at\u00e9 50 mil vistos, atrav\u00e9s de sorteio<\/strong>, a pessoas de pa\u00edses pouco representados nos Estados Unidos, muitos deles em \u00c1frica.<\/p>\n<p>H\u00e1 muito que Trump se op\u00f5e a este programa e ao sorteio, que foi criado pelo parlamento norte-americano. Quase 20 milh\u00f5es de pessoas inscreveram-se no sorteio de 2025, tendo sido selecionadas mais de 131 mil, incluindo c\u00f4njuges.<\/p>\n<blockquote class=\"wp-embedded-content\" data-secret=\"pJRLUT325f\">\n<p><a href=\"https:\/\/observador.pt\/2025\/12\/19\/suspeito-de-ataque-na-universidade-brown-e-morte-de-nuno-loureiro-e-um-portugues-e-foi-encontrado-morto\/\" rel=\"nofollow noopener\" target=\"_blank\">Suspeito de ataque na Universidade Brown e morte de Nuno Loureiro \u00e9 um portugu\u00eas e foi encontrado morto<\/a><\/p>\n<\/blockquote>\n<p>Ap\u00f3s serem sorteados, devem passar por uma verifica\u00e7\u00e3o para poderem entrar nos Estados Unidos, que inclui uma entrevista em consulados e os mesmo requisitos que os restantes candidatos a vistos. Os cidad\u00e3os portugueses ganharam apenas 38 vagas no ano passado.<\/p>\n<p>Os investigadores acreditam que Cl\u00e1udio Valente \u00e9 respons\u00e1vel pelo ataque na Universidade Brown e pelo assass\u00ednio do professor do Instituto de Tecnologia de Massachusetts (MIT, na sigla em ingl\u00eas), o portugu\u00eas Nuno Loureiro, morto a tiro em casa, em Brookline, na segunda-feira, de acordo com Leah B. Foley.<\/p>\n<p>Duas pessoas morreram e nove ficaram feridas no ataque a tiro, ocorrido no s\u00e1bado, na Universidade Brown. A investiga\u00e7\u00e3o mudou de rumo na quinta-feira, quando as autoridades disseram que estavam a investigar uma poss\u00edvel liga\u00e7\u00e3o entre o ataque em Brown e a morte de Nuno Loureiro, de 47 anos.<\/p>\n<p>            <script async src=\"https:\/\/platform.twitter.com\/widgets.js\" charset=\"utf-8\"><\/script><\/p>\n","protected":false},"excerpt":{"rendered":"O Presidente Donald Trump suspendeu o programa de vistos que permitiu a entrada de Cla\u00fadio Valente nos Estados&hellip;\n","protected":false},"author":2,"featured_media":195808,"comment_status":"","ping_status":"","sticky":false,"template":"","format":"standard","meta":{"footnotes":""},"categories":[8],"tags":[624,27,28,604,92,623,15,16,14,25,26,21,22,62,12,13,19,20,32,23,24,33,58,17,18,29,30,31],"class_list":{"0":"post-195807","1":"post","2":"type-post","3":"status-publish","4":"format-standard","5":"has-post-thumbnail","7":"category-principais-noticias","8":"tag-amu00e9rica","9":"tag-breaking-news","10":"tag-breakingnews","11":"tag-crime","12":"tag-donald-trump","13":"tag-estados-unidos-da-amu00e9rica","14":"tag-featured-news","15":"tag-featurednews","16":"tag-headlines","17":"tag-latest-news","18":"tag-latestnews","19":"tag-main-news","20":"tag-mainnews","21":"tag-mundo","22":"tag-news","23":"tag-noticias","24":"tag-noticias-principais","25":"tag-noticiasprincipais","26":"tag-portugal","27":"tag-principais-noticias","28":"tag-principaisnoticias","29":"tag-pt","30":"tag-sociedade","31":"tag-top-stories","32":"tag-topstories","33":"tag-ultimas","34":"tag-ultimas-noticias","35":"tag-ultimasnoticias"},"share_on_mastodon":{"url":"https:\/\/pubeurope.com\/@pt\/115751159481937532","error":""},"_links":{"self":[{"href":"https:\/\/www.europesays.com\/pt\/wp-json\/wp\/v2\/posts\/195807","targetHints":{"allow":["GET"]}}],"collection":[{"href":"https:\/\/www.europesays.com\/pt\/wp-json\/wp\/v2\/posts"}],"about":[{"href":"https:\/\/www.europesays.com\/pt\/wp-json\/wp\/v2\/types\/post"}],"author":[{"embeddable":true,"href":"https:\/\/www.europesays.com\/pt\/wp-json\/wp\/v2\/users\/2"}],"replies":[{"embeddable":true,"href":"https:\/\/www.europesays.com\/pt\/wp-json\/wp\/v2\/comments?post=195807"}],"version-history":[{"count":0,"href":"https:\/\/www.europesays.com\/pt\/wp-json\/wp\/v2\/posts\/195807\/revisions"}],"wp:featuredmedia":[{"embeddable":true,"href":"https:\/\/www.europesays.com\/pt\/wp-json\/wp\/v2\/media\/195808"}],"wp:attachment":[{"href":"https:\/\/www.europesays.com\/pt\/wp-json\/wp\/v2\/media?parent=195807"}],"wp:term":[{"taxonomy":"category","embeddable":true,"href":"https:\/\/www.europesays.com\/pt\/wp-json\/wp\/v2\/categories?post=195807"},{"taxonomy":"post_tag","embeddable":true,"href":"https:\/\/www.europesays.com\/pt\/wp-json\/wp\/v2\/tags?post=195807"}],"curies":[{"name":"wp","href":"https:\/\/api.w.org\/{rel}","templated":true}]}}