{"id":195817,"date":"2025-12-20T09:36:27","date_gmt":"2025-12-20T09:36:27","guid":{"rendered":"https:\/\/www.europesays.com\/pt\/195817\/"},"modified":"2025-12-20T09:36:27","modified_gmt":"2025-12-20T09:36:27","slug":"a-historia-de-dois-universitarios-brilhantes-que-comecou-ha-30-anos-em-lisboa-e-acabou-em-tragedia-nos-eua","status":"publish","type":"post","link":"https:\/\/www.europesays.com\/pt\/195817\/","title":{"rendered":"A hist\u00f3ria de dois universit\u00e1rios brilhantes que come\u00e7ou h\u00e1 30 anos em Lisboa e acabou em trag\u00e9dia nos EUA"},"content":{"rendered":"<p>\t                Nuno Loureiro e Cl\u00e1udio Valente frequentaram juntos o curso de Engenharia F\u00edsica e Tecnol\u00f3gica. Mais de duas d\u00e9cadas depois, Cl\u00e1udio Valente matou a tiro Nuno Loureiro. A filha da v\u00edtima assistiu a tudo. &#8220;John&#8221;, um an\u00f3nimo, ajudou a desvendar o caso<\/p>\n<p>\n    \u00a0\n  <\/p>\n<p>\n    FOTOGRAFIAS DE AMBOS NO IST\n  <\/p>\n<p>\n    \u00a0\n  <\/p>\n<p>  <img decoding=\"async\" alt=\"\" src=\"https:\/\/www.europesays.com\/pt\/wp-content\/uploads\/2025\/12\/6945a138d34e2bd5c6d5565d.webp\" style=\"display:block;width:100%;height:auto;line-height:0;border:0;outline:none;\"\/> <\/p>\n<p>\n    TR\u00caS MORTOS\n  <\/p>\n<p>\n    Tudo come\u00e7ou com um tiroteio na Universidade Brown, uma das mais reputadas dos Estados Unidos, durante o qual morreram duas pessoas. Dias depois, Nuno Loureiro foi assassinado a tiro em casa, em Boston. Foi o ministro dos Neg\u00f3cios Estrangeiros portugu\u00eas, Paulo Rangel,\u00a0a anunciar a morte do brilhante cientista portugu\u00eas. Dias depois soube-se que foi outro portugu\u00eas a estar na origem de tudo &#8211; tanto do tiroteio na universidade como no assass\u00ednio de Nuno Loureiro\n  <\/p>\n<p>\n   fa\u00e7a scroll para continuar a ler\n <\/p>\n<p style=\"margin-bottom:11px\">Cerca de 45 alunos entraram na faculdade naquele ano. Estavam entre os mais brilhantes dos brilhantes, com m\u00e9dias que por vezes at\u00e9 fazem corar Medicina. <a href=\"https:\/\/cnnportugal.iol.pt\/search?pagina=1&amp;pesquisa=nuno+loureiro\" target=\"_blank\" rel=\"nofollow noopener\">Nuno Loureiro<\/a> e <a href=\"https:\/\/cnnportugal.iol.pt\/search?pagina=1&amp;pesquisa=cl%C3%A1udio+valente\" target=\"_blank\" rel=\"nofollow noopener\">Cl\u00e1udio Valente<\/a> come\u00e7aram assim, h\u00e1 30 anos, no Instituto Superior T\u00e9cnico (IST).<\/p>\n<p>Entraram juntos no ano de 1995 para frequentar o curso de Engenharia F\u00edsica e Tecnol\u00f3gica, que, \u00e0 data, era dividido por duas turmas mas cujos alunos partilhavam perto de 90% das aulas.<\/p>\n<p>Diz quem os conheceu que eram os melhores dos melhores. Tanto que Cl\u00e1udio Valente foi convidado, logo no terceiro ano, para dar aulas enquanto ainda era aluno. Era o que acontecia no IST com os melhores estudantes.<\/p>\n<p>Puxamos a fita \u00e0 frente, bem \u00e0 frente, e tudo isto acaba em trag\u00e9dia. Os dois colegas acabam no meio de um caso que chocou os Estados Unidos e, por arrasto, Portugal.<\/p>\n<p>O homem que se procurava h\u00e1 quase uma semana por aquilo que se pensava ter sido mais um tiroteio indiscriminado numa institui\u00e7\u00e3o de ensino norte-americana era finalmente identificado.<\/p>\n<p>Cl\u00e1udio Manuel Neves Valente &#8211; ou Neves-Valente, como escreveram as televis\u00f5es norte-americanas &#8211; era o rosto que um utilizador do Reddit reconheceu e que as c\u00e2maras acompanharam por toda a cidade de Providence, que entrou em sobressalto com o ataque a uma das melhores universidades do pa\u00eds. A publica\u00e7\u00e3o desse homem naquela rede social foi <a href=\"https:\/\/cnnportugal.iol.pt\/nuno-loureiro\/universidade-brown\/perguntou-lhe-porque-o-estava-a-assediar-este-foi-o-testemunho-vital-para-resolver-o-caso-claudio-valente\/20251219\/6945778fd34e2bd5c6d5541a\" target=\"_blank\" rel=\"nofollow noopener\">a chave para a investiga\u00e7\u00e3o avan\u00e7ar<\/a>.<\/p>\n<p>A Brown faz parte da Ivy League &#8211; tamb\u00e9m \u00e9 das melhores entre as melhores &#8211; e foi surpreendida com um homem mascarado que entrou numa aula de Economia a disparar contra tudo e contra todos.<\/p>\n<p>Ella Cook e Mukhammad Aziz Umurzokov foram mortalmente apanhados pelos tiros ocorridos quando um jovem professor de 21 anos dava uma aula opcional de revis\u00e3o para o exame final de Economia.<\/p>\n<p>O atirador era o mascarado, era Cl\u00e1udio Valente, que tinha frequentado aquela mesma universidade no in\u00edcio do s\u00e9culo, depois de se ter graduado ainda com a licenciatura de cinco anos, antes do Acordo de Bolonha, e que atualmente corresponde ao grau de mestrado. Foi l\u00e1 que tentou continuar a estudar a sua \u00e1rea, a F\u00edsica, conseguindo entrar na reputada institui\u00e7\u00e3o em 2000.<\/p>\n<p>Acabou por tirar uma licen\u00e7a pouco depois, em abril de 2001, antes de dar por completamente terminada a sua rela\u00e7\u00e3o com a Brown, em 2003.<\/p>\n<p>Como escreve o <a href=\"https:\/\/www.nytimes.com\/2025\/12\/19\/us\/mit-professor-shooting-suspect-portugal-lisbon-physics.html\" target=\"_blank\" rel=\"nofollow noopener\">New York Times<\/a>, j\u00e1 a\u00ed havia preocupa\u00e7\u00e3o com Cl\u00e1udio Valente, nomeadamente da parte da fam\u00edlia, que n\u00e3o o via desde que o portugu\u00eas foi para os Estados Unidos.<\/p>\n<p>Mirita Domingues \u00e9 pr\u00f3xima da fam\u00edlia e falou ao jornal norte-americano, referindo que Cl\u00e1udio Valente, o outrora melhor aluno do curso e que antes disso at\u00e9 participou nas Olimp\u00edadas Internacionais de F\u00edsica, na Austr\u00e1lia, desapareceu por completo.<\/p>\n<p>&#8220;Est\u00e3o devastados. A m\u00e3e dele dizia esta manh\u00e3 que estava sempre preocupada que a pr\u00f3xima vez que ouvisse falar dele, ele estaria morto&#8221;, contou, sabendo-se agora que o receio da m\u00e3e se confirmou.<\/p>\n<p>Durante o curto per\u00edodo que l\u00e1 passou, na Brown,, foi entre os edif\u00edcios de Barus e Holley, onde o tiroteio ocorreu, que passou a maior parte do tempo. Um estudante introvertido e demasiado stressado com a escola, de acordo com Luk Chong Yeung, um brasileiro que estudou na Brown na mesma altura de Cl\u00e1udio Valente e que costumava interagir com o portugu\u00eas num grupo de estudantes falantes de portugu\u00eas.<\/p>\n<p>\u201cEle era um bocado deslocado\u201d, afirmou este homem, hoje com 49 anos, ao <a href=\"https:\/\/www.nytimes.com\/live\/2025\/12\/19\/us\/brown-mit-shooting-suspect\/c02d765e-2834-5388-b12c-0531c633905d?smid=url-share\" rel=\"nofollow noopener\" target=\"_blank\">New York Times<\/a>.<\/p>\n<p>Tamb\u00e9m \u00e0quele jornal norte-americano, um professor de F\u00edsica de Syracuse, em Nova Iorque, descreve Cl\u00e1udio Valente como um homem que podia ser &#8220;bom e gentil&#8221; mas que tinha &#8220;momentos&#8221;. Scott Watson descreveu-se como o amigo mais pr\u00f3ximo que o portugu\u00eas tinha, relembrando-o como brilhante, sim, mas com alguns problemas.<\/p>\n<p>&#8220;Uma vez tive de separar uma briga&#8221;, recordou o professor, falando sobre a rela\u00e7\u00e3o entre Cl\u00e1udio Valente e uma colega brasileira que o portugu\u00eas por vezes maltratava, chegando mesmo a apelid\u00e1-la como escrava dele.<\/p>\n<p>Teorias da conspira\u00e7\u00e3o <\/p>\n<p>Depois de matar\u00a0Ella Cook e Mukhammad Aziz Umurzokov e de ferir nove pessoas, Cl\u00e1udio Valente conseguiu escapar \u00e0 pol\u00edcia: andou v\u00e1rios quil\u00f3metros por Providence, de onde seguiu para Brookline, perto de Boston, j\u00e1 no estado do Massachussets.<\/p>\n<p>Dois dias depois sabia-se que Nuno Loureiro, um brilhante f\u00edsico portugu\u00eas que liderava um centro de investiga\u00e7\u00e3o nuclear do Instituto de Tecnologia de Massachussets (MIT), tinha sido morto a tiro em casa. N\u00e3o se sabia por quem.<\/p>\n<p>A not\u00edcia da morte de Nuno Loureiro, que foi lamentada por toda a comunidade cient\u00edfica de Portugal e dos Estados Unidos, foi dada de forma surpreendente pelo ministro dos Neg\u00f3cios Estrangeiros, Paulo Rangel.<\/p>\n<p>Rapidamente surgiram teorias de conspira\u00e7\u00e3o sobre a morte de Nuno Loureiro, como, por exemplo, estar a par de informa\u00e7\u00e3o sens\u00edvel desenvolvida no MIT.<\/p>\n<p>Acabaria por se descobrir que foi um colega seu de h\u00e1 25 anos a mat\u00e1-lo \u00e0 frente da filha. Cl\u00e1udio Valente chegou a Brookline e foi at\u00e9 casa de Nuno Loureiro, com quem n\u00e3o se sabe se mantinha rela\u00e7\u00e3o, para o matar.<\/p>\n<p>Percorreu praticamente toda a costa para chegar at\u00e9 aqui, j\u00e1 que a sua \u00faltima morada conhecida \u00e9 em Miami, na Florida.<\/p>\n<p>Semanas antes do ataque, Cl\u00e1udio Valente alugou um pequeno armaz\u00e9m em Salem, New Hampshire, a norte de Brookline e Providence. J\u00e1 depois disso h\u00e1 registo do aluguer de um Nissan Sentra em Boston, a 1 de dezembro.<\/p>\n<p>Foi com esse carro que chegou at\u00e9 \u00e0 Brown, foi nesse carro que foi visto por \u201cJohn\u201d, o an\u00f3nimo que ajudou a desvendar tudo e a ligar as mortes na universidade ao homic\u00eddio de Nuno Loureiro.<\/p>\n<p>O carro acabaria por ser encontrado, tal como o corpo do pr\u00f3prio Cl\u00e1udio Valente, nessa mesma garagem alugada, onde estavam tamb\u00e9m algumas armas.<\/p>\n<p>Neste momento, e como assume o procurador-geral de Rhode Island, existe uma s\u00e9rie de \u201cincertezas\u201d, incluindo o \u201cmist\u00e9rio\u201d do porqu\u00ea do ataque \u00e0 Brown, onde Cl\u00e1udio Valente estudou anos antes.<\/p>\n","protected":false},"excerpt":{"rendered":"Nuno Loureiro e Cl\u00e1udio Valente frequentaram juntos o curso de Engenharia F\u00edsica e Tecnol\u00f3gica. Mais de duas d\u00e9cadas&hellip;\n","protected":false},"author":2,"featured_media":195818,"comment_status":"","ping_status":"","sticky":false,"template":"","format":"standard","meta":{"footnotes":""},"categories":[8],"tags":[609,836,611,27,28,38951,607,608,333,832,604,135,610,476,15,16,301,830,14,34071,603,25,26,570,21,22,831,833,62,834,12,13,19,20,38572,835,602,52,32,23,24,33,39119,17,18,29,30,31,38952],"class_list":{"0":"post-195817","1":"post","2":"type-post","3":"status-publish","4":"format-standard","5":"has-post-thumbnail","7":"category-principais-noticias","8":"tag-alerta","9":"tag-analise","10":"tag-ao-minuto","11":"tag-breaking-news","12":"tag-breakingnews","13":"tag-claudio-valente","14":"tag-cnn","15":"tag-cnn-portugal","16":"tag-comentadores","17":"tag-costa","18":"tag-crime","19":"tag-desporto","20":"tag-direto","21":"tag-economia","22":"tag-featured-news","23":"tag-featurednews","24":"tag-governo","25":"tag-guerra","26":"tag-headlines","27":"tag-instituto-superior-tecnico","28":"tag-justica","29":"tag-latest-news","30":"tag-latestnews","31":"tag-live","32":"tag-main-news","33":"tag-mainnews","34":"tag-mais-vistas","35":"tag-marcelo","36":"tag-mundo","37":"tag-negocios","38":"tag-news","39":"tag-noticias","40":"tag-noticias-principais","41":"tag-noticiasprincipais","42":"tag-nuno-loureiro","43":"tag-opiniao","44":"tag-pais","45":"tag-politica","46":"tag-portugal","47":"tag-principais-noticias","48":"tag-principaisnoticias","49":"tag-pt","50":"tag-tecnico","51":"tag-top-stories","52":"tag-topstories","53":"tag-ultimas","54":"tag-ultimas-noticias","55":"tag-ultimasnoticias","56":"tag-universidade-brown"},"share_on_mastodon":{"url":"","error":"Validation failed: Text character limit of 500 exceeded"},"_links":{"self":[{"href":"https:\/\/www.europesays.com\/pt\/wp-json\/wp\/v2\/posts\/195817","targetHints":{"allow":["GET"]}}],"collection":[{"href":"https:\/\/www.europesays.com\/pt\/wp-json\/wp\/v2\/posts"}],"about":[{"href":"https:\/\/www.europesays.com\/pt\/wp-json\/wp\/v2\/types\/post"}],"author":[{"embeddable":true,"href":"https:\/\/www.europesays.com\/pt\/wp-json\/wp\/v2\/users\/2"}],"replies":[{"embeddable":true,"href":"https:\/\/www.europesays.com\/pt\/wp-json\/wp\/v2\/comments?post=195817"}],"version-history":[{"count":0,"href":"https:\/\/www.europesays.com\/pt\/wp-json\/wp\/v2\/posts\/195817\/revisions"}],"wp:featuredmedia":[{"embeddable":true,"href":"https:\/\/www.europesays.com\/pt\/wp-json\/wp\/v2\/media\/195818"}],"wp:attachment":[{"href":"https:\/\/www.europesays.com\/pt\/wp-json\/wp\/v2\/media?parent=195817"}],"wp:term":[{"taxonomy":"category","embeddable":true,"href":"https:\/\/www.europesays.com\/pt\/wp-json\/wp\/v2\/categories?post=195817"},{"taxonomy":"post_tag","embeddable":true,"href":"https:\/\/www.europesays.com\/pt\/wp-json\/wp\/v2\/tags?post=195817"}],"curies":[{"name":"wp","href":"https:\/\/api.w.org\/{rel}","templated":true}]}}