{"id":195820,"date":"2025-12-20T09:40:30","date_gmt":"2025-12-20T09:40:30","guid":{"rendered":"https:\/\/www.europesays.com\/pt\/195820\/"},"modified":"2025-12-20T09:40:30","modified_gmt":"2025-12-20T09:40:30","slug":"a-ultima-fronteira-e-cancelada-pelo-apple-tv-apos-apenas-uma-temporada","status":"publish","type":"post","link":"https:\/\/www.europesays.com\/pt\/195820\/","title":{"rendered":"A \u00daltima Fronteira \u00e9 cancelada pelo Apple TV ap\u00f3s apenas uma temporada"},"content":{"rendered":"<p class=\"wp-block-yoast-seo-estimated-reading-time yoast-reading-time__wrapper\">Estimated reading time: 2 minutos<\/p>\n<p>O <a href=\"https:\/\/ovicio.com.br\/tag\/apple-tv-plus\/\" rel=\"nofollow noopener\" target=\"_blank\">Apple TV<\/a> n\u00e3o \u00e9 um servi\u00e7o de streaming conhecido por cancelar s\u00e9ries precocemente. No entanto, esse acabou sendo o desfecho para a s\u00e9rie <a href=\"https:\/\/ovicio.com.br\/tag\/a-ultima-fronteira\/\" rel=\"nofollow noopener\" target=\"_blank\">A \u00daltima Fronteira<\/a>, que foi cancelada ap\u00f3s apenas uma temporada, de acordo com a <a href=\"https:\/\/variety.com\/2025\/tv\/news\/the-last-frontier-canceled-apple-tv-1236612904\/\" target=\"_blank\" rel=\"noreferrer noopener nofollow\">Variety<\/a>.<\/p>\n<p>O seriado n\u00e3o teve uma boa recep\u00e7\u00e3o, aparecendo com apenas 46% de aprova\u00e7\u00e3o no <strong>Rotten Tomatoes<\/strong>.<\/p>\n<p>A audi\u00eancia, da mesma forma, n\u00e3o foi muito animadora.<\/p>\n<p><strong>A \u00daltima Fronteira<\/strong> trouxe o ator <strong>Jason Clarke<\/strong> como o <strong>Oficial Remnick<\/strong>, que confronta detentos foragidos ap\u00f3s um acidente de avi\u00e3o-pris\u00e3o no Alasca.<\/p>\n<p>A 1\u00aa temporada de <strong>A \u00daltima Fronteira<\/strong> continua dispon\u00edvel no <strong>Apple TV<\/strong>.<\/p>\n<p>Leia tamb\u00e9m sobre A \u00daltima Fronteira:<\/p>\n","protected":false},"excerpt":{"rendered":"Estimated reading time: 2 minutos O Apple TV n\u00e3o \u00e9 um servi\u00e7o de streaming conhecido por cancelar s\u00e9ries&hellip;\n","protected":false},"author":2,"featured_media":195821,"comment_status":"","ping_status":"","sticky":false,"template":"","format":"standard","meta":{"footnotes":""},"categories":[142],"tags":[39120,2633,114,115,32,33,151],"class_list":{"0":"post-195820","1":"post","2":"type-post","3":"status-publish","4":"format-standard","5":"has-post-thumbnail","7":"category-tv","8":"tag-a-ultima-fronteira","9":"tag-apple-tv","10":"tag-entertainment","11":"tag-entretenimento","12":"tag-portugal","13":"tag-pt","14":"tag-tv"},"share_on_mastodon":{"url":"https:\/\/pubeurope.com\/@pt\/115751237939297416","error":""},"_links":{"self":[{"href":"https:\/\/www.europesays.com\/pt\/wp-json\/wp\/v2\/posts\/195820","targetHints":{"allow":["GET"]}}],"collection":[{"href":"https:\/\/www.europesays.com\/pt\/wp-json\/wp\/v2\/posts"}],"about":[{"href":"https:\/\/www.europesays.com\/pt\/wp-json\/wp\/v2\/types\/post"}],"author":[{"embeddable":true,"href":"https:\/\/www.europesays.com\/pt\/wp-json\/wp\/v2\/users\/2"}],"replies":[{"embeddable":true,"href":"https:\/\/www.europesays.com\/pt\/wp-json\/wp\/v2\/comments?post=195820"}],"version-history":[{"count":0,"href":"https:\/\/www.europesays.com\/pt\/wp-json\/wp\/v2\/posts\/195820\/revisions"}],"wp:featuredmedia":[{"embeddable":true,"href":"https:\/\/www.europesays.com\/pt\/wp-json\/wp\/v2\/media\/195821"}],"wp:attachment":[{"href":"https:\/\/www.europesays.com\/pt\/wp-json\/wp\/v2\/media?parent=195820"}],"wp:term":[{"taxonomy":"category","embeddable":true,"href":"https:\/\/www.europesays.com\/pt\/wp-json\/wp\/v2\/categories?post=195820"},{"taxonomy":"post_tag","embeddable":true,"href":"https:\/\/www.europesays.com\/pt\/wp-json\/wp\/v2\/tags?post=195820"}],"curies":[{"name":"wp","href":"https:\/\/api.w.org\/{rel}","templated":true}]}}