{"id":195825,"date":"2025-12-20T09:50:41","date_gmt":"2025-12-20T09:50:41","guid":{"rendered":"https:\/\/www.europesays.com\/pt\/195825\/"},"modified":"2025-12-20T09:50:41","modified_gmt":"2025-12-20T09:50:41","slug":"marcas-de-aspiradores-mais-fiaveis","status":"publish","type":"post","link":"https:\/\/www.europesays.com\/pt\/195825\/","title":{"rendered":"Marcas de aspiradores mais fi\u00e1veis"},"content":{"rendered":"<p>        Muitos eletrodom\u00e9sticos descartados tinham conserto   <\/p>\n<p>Mais de metade dos inquiridos trocaram de aspirador porque o anterior avariou. Mas <strong>s\u00f3 17% n\u00e3o tinham mesmo conserto<\/strong>, admitem. <\/p>\n<p>Ou seja, em muitos casos, o aspirador <strong>tinha arranjo. <\/strong>Entre as <strong>justifica\u00e7\u00f5es apontadas para comprar novo em vez de arranjar<\/strong>, eis as principais:<strong\/><\/p>\n<ul>\n<li>o pre\u00e7o da repara\u00e7\u00e3o n\u00e3o compensava;\u00a0<\/li>\n<li>falta de pe\u00e7as de substitui\u00e7\u00e3o; \u00a0<\/li>\n<li>preferir adquirir um modelo mais recente com novas funcionalidades.<\/li>\n<\/ul>\n<p>Perante avarias, dar primazia \u00e0 repara\u00e7\u00e3o permitiria prolongar a vida dos eletrodom\u00e9sticos.\u00a0\u00a0<\/p>\n<p>O seu <strong>eletrodom\u00e9stico avariou ou ainda funciona, mas j\u00e1 n\u00e3o o utiliza<\/strong>? Antes de o descartar, <strong>consulte <\/strong>as solu\u00e7\u00f5es ao seu dispor na <strong>plataforma Reparar<\/strong>, da DECO PROteste. Esta iniciativa faz parte do REP.per (REPair PERspective), um projeto de coopera\u00e7\u00e3o europeu j\u00e1 a pensar na diretiva \u201c<strong>Direito \u00e0 repara\u00e7\u00e3o<\/strong>\u201d que passar\u00e1 a ser a norma em todos os estados-membros a partir 31 de julho de 2026.<\/p>\n<p style=\"text-align: center;\"><a role=\"button\" href=\"https:\/\/www.deco.proteste.pt\/reparacoes\" class=\"btn btn--primary btn--large\">Plataforma Reparar<\/a><\/p>\n<p>Em breve, <strong>perante um eletrodom\u00e9stico avariado<\/strong>\u00a0\u2014 e uma vez que a maioria tem conserto \u2014, dever\u00e1 dar-se primazia \u00e0\u00a0<strong>repara\u00e7\u00e3o a pre\u00e7os justos<\/strong>, em prol de um modelo de economia cada vez mais circular e sustent\u00e1vel. <\/p>\n<p>Esta medida visa reduzir a necessidade de produzir novos equipamentos e combater uma das maiores preocupa\u00e7\u00f5es ambientais dos nossos tempos: a montanha de <strong>res\u00edduos el\u00e9tricos e eletr\u00f3nicos, que n\u00e3o para de aumentar<\/strong>. Pelo menos, \u00e9 o que se espera das novas regras, no qual todos podem contribuir.<\/p>\n<p>Este estudo resulta do <strong>inqu\u00e9rito anual da DECO PROteste\u00a0<\/strong>sobre pequenos eletrodom\u00e9sticos, realizado, em fevereiro de 2025, junto dos subscritores das associa\u00e7\u00f5es de consumidores de <strong>oito pa\u00edses europeus.<\/strong>\u00a0Al\u00e9m da DECO PROteste, participaram outras organiza\u00e7\u00f5es da Euroconsumers (de Espanha, It\u00e1lia e B\u00e9lgica) e de outros pa\u00edses (\u00c1ustria, Hungria, Pa\u00edses Baixos e Eslov\u00e9nia). No total, foram contabilizadas <strong>58 659 respostas <\/strong>v\u00e1lidas, <strong><strong>9320 <\/strong><\/strong>das quais de consumidores <strong><strong>portugueses<\/strong><\/strong>.\u00a0Foram tamb\u00e9m contemplados os resultados de um inqu\u00e9rito de 2024, para obter dados mais robustos.<strong\/><\/p>\n<p>        <a href=\"#table-of-content\" class=\"block margin--bottom-medium align-right\" data-plugin=\"scrollToTarget\">&#13;<br \/>\n            Voltar ao topo&#13;<br \/>\n            &#13;<br \/>\n        <\/a><\/p>\n","protected":false},"excerpt":{"rendered":"Muitos eletrodom\u00e9sticos descartados tinham conserto Mais de metade dos inquiridos trocaram de aspirador porque o anterior avariou. Mas&hellip;\n","protected":false},"author":2,"featured_media":195826,"comment_status":"","ping_status":"","sticky":false,"template":"","format":"standard","meta":{"footnotes":""},"categories":[83],"tags":[88,89,90,32,33],"class_list":{"0":"post-195825","1":"post","2":"type-post","3":"status-publish","4":"format-standard","5":"has-post-thumbnail","7":"category-empresas","8":"tag-business","9":"tag-economy","10":"tag-empresas","11":"tag-portugal","12":"tag-pt"},"share_on_mastodon":{"url":"https:\/\/pubeurope.com\/@pt\/115751277505170559","error":""},"_links":{"self":[{"href":"https:\/\/www.europesays.com\/pt\/wp-json\/wp\/v2\/posts\/195825","targetHints":{"allow":["GET"]}}],"collection":[{"href":"https:\/\/www.europesays.com\/pt\/wp-json\/wp\/v2\/posts"}],"about":[{"href":"https:\/\/www.europesays.com\/pt\/wp-json\/wp\/v2\/types\/post"}],"author":[{"embeddable":true,"href":"https:\/\/www.europesays.com\/pt\/wp-json\/wp\/v2\/users\/2"}],"replies":[{"embeddable":true,"href":"https:\/\/www.europesays.com\/pt\/wp-json\/wp\/v2\/comments?post=195825"}],"version-history":[{"count":0,"href":"https:\/\/www.europesays.com\/pt\/wp-json\/wp\/v2\/posts\/195825\/revisions"}],"wp:featuredmedia":[{"embeddable":true,"href":"https:\/\/www.europesays.com\/pt\/wp-json\/wp\/v2\/media\/195826"}],"wp:attachment":[{"href":"https:\/\/www.europesays.com\/pt\/wp-json\/wp\/v2\/media?parent=195825"}],"wp:term":[{"taxonomy":"category","embeddable":true,"href":"https:\/\/www.europesays.com\/pt\/wp-json\/wp\/v2\/categories?post=195825"},{"taxonomy":"post_tag","embeddable":true,"href":"https:\/\/www.europesays.com\/pt\/wp-json\/wp\/v2\/tags?post=195825"}],"curies":[{"name":"wp","href":"https:\/\/api.w.org\/{rel}","templated":true}]}}