{"id":195827,"date":"2025-12-20T09:51:12","date_gmt":"2025-12-20T09:51:12","guid":{"rendered":"https:\/\/www.europesays.com\/pt\/195827\/"},"modified":"2025-12-20T09:51:12","modified_gmt":"2025-12-20T09:51:12","slug":"homem-condenado-a-oito-anos-e-meio-de-cadeia-por-drogar-violar-e-filmar-a-mulher-alemanha","status":"publish","type":"post","link":"https:\/\/www.europesays.com\/pt\/195827\/","title":{"rendered":"Homem condenado a oito anos e meio de cadeia por drogar, violar e filmar a mulher | Alemanha"},"content":{"rendered":"<p>Um tribunal de Aachen, no oeste da Alemanha, condenou um homem a oito anos e meio de pris\u00e3o por ter drogado e violado repetidamente a mulher ao longo de v\u00e1rios anos, filmando os abusos e divulgando as imagens na internet. Os crimes ocorreram entre 2018 e 2024, na resid\u00eancia do casal.<\/p>\n<p>O arguido, identificado apenas como Fernando P., em cumprimentos das leis alem\u00e3s de protec\u00e7\u00e3o de dados pessoais, foi considerado culpado de <a href=\"https:\/\/www.publico.pt\/2024\/12\/19\/mundo\/noticia\/50-arguidos-caso-gisele-pelicot-condenados-penas-3-15-anos-2116299\" rel=\"nofollow noopener\" target=\"_blank\">viola\u00e7\u00e3o agravada<\/a>, ofensas corporais graves e viola\u00e7\u00e3o da vida privada. O homem, de 61 anos e natural de Espanha, administrava sedativos \u00e0 mulher antes de a agredir sexualmente, segundo ficou provado em tribunal.<\/p>\n<p>De acordo com a porta-voz do tribunal, Katharina Effert, citada pela <a href=\"https:\/\/www.bbc.com\/news\/articles\/cm21pxen1jno\" target=\"_blank\" rel=\"nofollow noopener\">BBC<\/a>, afirmou que Fernando P. filmou os crimes e partilhou os v\u00eddeos em chats de grupo e plataformas online, colocando-os \u00e0 disposi\u00e7\u00e3o de outros utilizadores. Uma parte significativa do julgamento decorreu \u00e0 porta fechada, com o objectivo de <a href=\"https:\/\/www.publico.pt\/2024\/11\/20\/mundo\/noticia\/sujeita-decada-abusos-sexuais-gisele-hora-mudar-sociedade-banaliza-violacao-2112664\" rel=\"nofollow noopener\" target=\"_blank\">salvaguardar a identidade da v\u00edtima<\/a>.<\/p>\n<p>A advogada da mulher, Nicole Servaty, afirmou que a sua cliente p\u00f4de participar activamente no processo judicial. &#8220;Teve realmente voz neste julgamento. P\u00f4de testemunhar, expressar o que sentiu e tudo aquilo que a marcou&#8221;, disse aos jornalistas. Ainda assim, reconheceu que a decis\u00e3o judicial n\u00e3o repara o dano causado. &#8220;N\u00e3o compensa o que aconteceu, mas pode ajudar a lidar com a situa\u00e7\u00e3o e a process\u00e1-la.&#8221;<\/p>\n<p>A senten\u00e7a ainda pode vir a ser objecto de recurso.<\/p>\n<p>Na leitura do veredicto, Fernando P. permaneceu sentado no tribunal regional de Aachen com o capuz do casaco a cobrir-lhe o rosto. A imprensa alem\u00e3 tem estabelecido paralelos entre este caso e o processo que chocou Fran\u00e7a em 2024, envolvendo <a href=\"https:\/\/www.publico.pt\/2024\/12\/19\/mundo\/noticia\/dominique-pelicot-considerado-culpado-violacao-agravada-exmulher-gisele-2116252\" rel=\"nofollow noopener\" target=\"_blank\">Dominique Pelicot<\/a>, condenado por drogar a mulher, Gis\u00e8le, e permitir, durante anos, que dezenas de homens a violassem enquanto estava inconsciente.<\/p>\n<p>Segundo o Gabinete Federal da Pol\u00edcia Criminal alem\u00e3 (BKA), as v\u00edtimas de crimes que envolvem seda\u00e7\u00e3o seguida de abuso sexual s\u00e3o &#8220;quase exclusivamente mulheres&#8221;, sublinhando que este tipo de crime ocorre, na maioria dos casos, atrav\u00e9s da explora\u00e7\u00e3o de rela\u00e7\u00f5es de confian\u00e7a, no \u00e2mbito do casamento, de rela\u00e7\u00f5es afectivas, familiares ou entre pessoas pr\u00f3ximas.<\/p>\n","protected":false},"excerpt":{"rendered":"Um tribunal de Aachen, no oeste da Alemanha, condenou um homem a oito anos e meio de pris\u00e3o&hellip;\n","protected":false},"author":2,"featured_media":195828,"comment_status":"","ping_status":"","sticky":false,"template":"","format":"standard","meta":{"footnotes":""},"categories":[50],"tags":[1305,27,28,604,9936,15,16,14,603,25,26,21,22,62,12,13,19,20,23,24,17,18,29,30,31,63,64,65],"class_list":{"0":"post-195827","1":"post","2":"type-post","3":"status-publish","4":"format-standard","5":"has-post-thumbnail","7":"category-mundo","8":"tag-alemanha","9":"tag-breaking-news","10":"tag-breakingnews","11":"tag-crime","12":"tag-crimes-sexuais","13":"tag-featured-news","14":"tag-featurednews","15":"tag-headlines","16":"tag-justica","17":"tag-latest-news","18":"tag-latestnews","19":"tag-main-news","20":"tag-mainnews","21":"tag-mundo","22":"tag-news","23":"tag-noticias","24":"tag-noticias-principais","25":"tag-noticiasprincipais","26":"tag-principais-noticias","27":"tag-principaisnoticias","28":"tag-top-stories","29":"tag-topstories","30":"tag-ultimas","31":"tag-ultimas-noticias","32":"tag-ultimasnoticias","33":"tag-world","34":"tag-world-news","35":"tag-worldnews"},"share_on_mastodon":{"url":"https:\/\/pubeurope.com\/@pt\/115751281162222116","error":""},"_links":{"self":[{"href":"https:\/\/www.europesays.com\/pt\/wp-json\/wp\/v2\/posts\/195827","targetHints":{"allow":["GET"]}}],"collection":[{"href":"https:\/\/www.europesays.com\/pt\/wp-json\/wp\/v2\/posts"}],"about":[{"href":"https:\/\/www.europesays.com\/pt\/wp-json\/wp\/v2\/types\/post"}],"author":[{"embeddable":true,"href":"https:\/\/www.europesays.com\/pt\/wp-json\/wp\/v2\/users\/2"}],"replies":[{"embeddable":true,"href":"https:\/\/www.europesays.com\/pt\/wp-json\/wp\/v2\/comments?post=195827"}],"version-history":[{"count":0,"href":"https:\/\/www.europesays.com\/pt\/wp-json\/wp\/v2\/posts\/195827\/revisions"}],"wp:featuredmedia":[{"embeddable":true,"href":"https:\/\/www.europesays.com\/pt\/wp-json\/wp\/v2\/media\/195828"}],"wp:attachment":[{"href":"https:\/\/www.europesays.com\/pt\/wp-json\/wp\/v2\/media?parent=195827"}],"wp:term":[{"taxonomy":"category","embeddable":true,"href":"https:\/\/www.europesays.com\/pt\/wp-json\/wp\/v2\/categories?post=195827"},{"taxonomy":"post_tag","embeddable":true,"href":"https:\/\/www.europesays.com\/pt\/wp-json\/wp\/v2\/tags?post=195827"}],"curies":[{"name":"wp","href":"https:\/\/api.w.org\/{rel}","templated":true}]}}