{"id":195831,"date":"2025-12-20T09:54:22","date_gmt":"2025-12-20T09:54:22","guid":{"rendered":"https:\/\/www.europesays.com\/pt\/195831\/"},"modified":"2025-12-20T09:54:22","modified_gmt":"2025-12-20T09:54:22","slug":"elaine-mickely-lamenta-morte-de-pessoa-importante-de-sua-familia-esta-doendo-muito","status":"publish","type":"post","link":"https:\/\/www.europesays.com\/pt\/195831\/","title":{"rendered":"Elaine Mickely lamenta morte de pessoa importante de sua fam\u00edlia: &#8216;Est\u00e1 doendo muito&#8217;"},"content":{"rendered":"<p>A esposa do apresentador <a href=\"https:\/\/caras.com.br\/tags\/cesar-filho\" target=\"_blank\" rel=\"noopener nofollow\"><strong>C\u00e9sar Filho<\/strong><\/a>, <a href=\"https:\/\/caras.com.br\/tags\/elaine-mickely\" target=\"_blank\" rel=\"noopener nofollow\"><strong>Elaine Mickely<\/strong><\/a>, compartilhou uma triste not\u00edcia em sua rede social nesta sexta-feira, 19. A famosa contou que o pai morreu e escreveu um desabafo dizendo como est\u00e1 se sentindo ap\u00f3s a grande perda em sua fam\u00edlia.<\/p>\n<p>Com fotos ao lado de <strong>Manoel Batista de Lima<\/strong>, que estava com 74 anos, a mulher do jornalista se declarou e lamentou a partida do senhor. Elaine Mickely fez quest\u00e3o de enaltecer as virtudes do pai e dividir um pouco do que sente por ele.<\/p>\n<p>\u201cHoje chegou o dia de me despedir do melhor pai que algu\u00e9m poderia ter. Hoje meu pai, Manoel Batista de Lima, 74 anos, se foi, est\u00e1 doendo muito, muito, muito mesmo mas o que fica \u00e9 a certeza de que Deus me deu o privil\u00e9gio e a oportunidade de ser filha do homem mais generoso, alegre, humilde, \u00edntegro e extraordin\u00e1rio que eu j\u00e1 conheci\u201d, come\u00e7ou dizendo.<\/p>\n<p>\u201cEle nos ensinou pelo exemplo a amar sem medidas, a servir sem esperar nada em troca, a sorrir mesmo nos dias dif\u00edceis e a permanecer fiel aos valores que realmente importam. O cora\u00e7\u00e3o mais generoso que eu j\u00e1 vi em minha vida! Hoje d\u00f3i aceitar a aus\u00eancia f\u00edsica, mas conforta saber que tudo o que ele plantou permanece vivo em n\u00f3s\u201d, escreveu.<\/p>\n<p>\u201cAgrade\u00e7o desde j\u00e1 todas as mensagens de carinho, e todo o amor de voc\u00eas por mim e pela nossa fam\u00edlia. Ficarei ausente nos pr\u00f3ximos dias, pe\u00e7o que entendam esse momento. Sobre todas as circunst\u00e2ncias Deus continua sendo bom e nos dando a paz que excede todo entendimento humano. Te amo eternamente e muito meu paizinho! Descanse em paz. Com amor, sua filha\u201d, falou que ficar\u00e1 um pouco offline da rede social para viver o luto.<\/p>\n<p> Elaine Mickely lamenta morte do pai: <\/p>\n<blockquote class=\"instagram-media\" style=\"background: #FFF; border: 0; border-radius: 3px; box-shadow: 0 0 1px 0 rgba(0,0,0,0.5),0 1px 10px 0 rgba(0,0,0,0.15); margin: 1px; max-width: 540px; min-width: 326px; padding: 0; width: calc(100% - 2px);\" data-instgrm-captioned=\"\" data-instgrm-permalink=\"https:\/\/www.instagram.com\/p\/DSc94vZiTOr\/?utm_source=ig_embed&amp;utm_campaign=loading\" data-instgrm-version=\"14\"><\/blockquote>\n<p> Elaine Mickely revela por que a filha lutou para casamento acontecer <\/p>\n<p>Elaine Mickely explicou o motivo de ter falado que a filha lutou para se casar com um estrangeiro. Luma Cesar e Ed Beccle oficializaram a uni\u00e3o no primeiro semestre de 2025 com cerim\u00f4nias luxuosas em Fortaleza.<\/p>\n<p>\u201cEu fa\u00e7o quest\u00e3o de responder essa pergunta, sabe por que? Voc\u00eas imaginem que, pra voc\u00ea confiar em um rapaz que seja brasileiro, voc\u00ea tem que saber da fam\u00edlia dele, do trabalho dele, voc\u00ea tem que saber os princ\u00edpios, da onde essa pessoa vem, em todos os sentidos, as inten\u00e7\u00f5es dele, voc\u00ea imagina o Ed sendo brit\u00e2nico, sendo ingl\u00eas, \u00e9 l\u00e1 do outro lado do mundo, ent\u00e3o a pessoa vem obviamente, sou aquilo, fa\u00e7o, com todas as caracter\u00edsticas dele, s\u00f3 que pra voc\u00ea se certificar de tudo isso n\u00e3o \u00e9 f\u00e1cil\u201c, come\u00e7ou explicando e <a href=\"https:\/\/caras.com.br\/atualidades\/elaine-mickely-fala-por-que-filha-lutou-pelo-casamento-e-onde-ela-morara.phtml\" target=\"_blank\" rel=\"noopener nofollow\">detalhou melhor a situa\u00e7\u00e3o<\/a>.<\/p>\n<p>\u00c9 bom lembrar que o <a href=\"https:\/\/caras.com.br\/noivas\/luma-cesar-mostra-detalhes-do-look-de-seu-casamento-no-civil.phtml\" target=\"_blank\" rel=\"noopener nofollow\">casamento no civil do casal aconteceu no dia 7 de fevereiro<\/a>. Um dia depois, ocorreu a <a href=\"https:\/\/caras.com.br\/noivas\/luma-cesar-exibe-detalhes-de-seu-vestido-de-noiva-para-casamento-religioso.phtml\" target=\"_blank\" rel=\"noopener nofollow\">cerim\u00f4nia religiosa<\/a> tamb\u00e9m no hotel de luxo que escolheram em Fortaleza, no Cear\u00e1.<\/p>\n<p><strong>Leia tamb\u00e9m:<\/strong> <a href=\"https:\/\/caras.com.br\/atualidades\/elaine-mickely-revela-que-filha-tera-terceiro-casamento-nao-acabou.phtml\" target=\"_blank\" rel=\"noopener nofollow\">Elaine Mickely revela que a filha ter\u00e1 terceiro casamento: \u2018N\u00e3o acabou\u2019<\/a><\/p>\n<p>        <a href=\"https:\/\/caras.com.br\/autor\/nataly-paschoal\" rel=\"nofollow noopener\" target=\"_blank\">&#13;<br \/>\n          <img loading=\"lazy\" decoding=\"async\" alt=\"Nataly Paschoal\" src=\"https:\/\/www.europesays.com\/pt\/wp-content\/uploads\/2025\/11\/nataly-paschoal_sqmd.jpg\" class=\"avatar avatar-115 photo rounded-circle\" height=\"115\" width=\"115\"\/>        <\/a><\/p>\n<p><b>Nataly Paschoal <\/b>\u00e9 rep\u00f3rter de conte\u00fado do site CARAS. Formada em jornalismo pela Faculdade C\u00e1sper L\u00edbero, ela j\u00e1 passou por sites como Todateen, Sportlife e espnW. Escreve sobre celebridades, TV, reality show e novelas.<\/p>\n<p>\t                                            <script async src=\"\/\/www.instagram.com\/embed.js\"><\/script><\/p>\n","protected":false},"excerpt":{"rendered":"A esposa do apresentador C\u00e9sar Filho, Elaine Mickely, compartilhou uma triste not\u00edcia em sua rede social nesta sexta-feira,&hellip;\n","protected":false},"author":2,"featured_media":195832,"comment_status":"","ping_status":"","sticky":false,"template":"","format":"standard","meta":{"footnotes":""},"categories":[145],"tags":[211,210,4790,39121,114,115,39122,32,33],"class_list":{"0":"post-195831","1":"post","2":"type-post","3":"status-publish","4":"format-standard","5":"has-post-thumbnail","7":"category-celebridades","8":"tag-celebridades","9":"tag-celebrities","10":"tag-cesar-filho","11":"tag-elaine-mickely","12":"tag-entertainment","13":"tag-entretenimento","14":"tag-esposa-cesar-filho","15":"tag-portugal","16":"tag-pt"},"share_on_mastodon":{"url":"https:\/\/pubeurope.com\/@pt\/115751293245292608","error":""},"_links":{"self":[{"href":"https:\/\/www.europesays.com\/pt\/wp-json\/wp\/v2\/posts\/195831","targetHints":{"allow":["GET"]}}],"collection":[{"href":"https:\/\/www.europesays.com\/pt\/wp-json\/wp\/v2\/posts"}],"about":[{"href":"https:\/\/www.europesays.com\/pt\/wp-json\/wp\/v2\/types\/post"}],"author":[{"embeddable":true,"href":"https:\/\/www.europesays.com\/pt\/wp-json\/wp\/v2\/users\/2"}],"replies":[{"embeddable":true,"href":"https:\/\/www.europesays.com\/pt\/wp-json\/wp\/v2\/comments?post=195831"}],"version-history":[{"count":0,"href":"https:\/\/www.europesays.com\/pt\/wp-json\/wp\/v2\/posts\/195831\/revisions"}],"wp:featuredmedia":[{"embeddable":true,"href":"https:\/\/www.europesays.com\/pt\/wp-json\/wp\/v2\/media\/195832"}],"wp:attachment":[{"href":"https:\/\/www.europesays.com\/pt\/wp-json\/wp\/v2\/media?parent=195831"}],"wp:term":[{"taxonomy":"category","embeddable":true,"href":"https:\/\/www.europesays.com\/pt\/wp-json\/wp\/v2\/categories?post=195831"},{"taxonomy":"post_tag","embeddable":true,"href":"https:\/\/www.europesays.com\/pt\/wp-json\/wp\/v2\/tags?post=195831"}],"curies":[{"name":"wp","href":"https:\/\/api.w.org\/{rel}","templated":true}]}}