{"id":195839,"date":"2025-12-20T10:07:32","date_gmt":"2025-12-20T10:07:32","guid":{"rendered":"https:\/\/www.europesays.com\/pt\/195839\/"},"modified":"2025-12-20T10:07:32","modified_gmt":"2025-12-20T10:07:32","slug":"comer-dormir-rezar-como-se-vive-apos-os-100-anos-em-portugal","status":"publish","type":"post","link":"https:\/\/www.europesays.com\/pt\/195839\/","title":{"rendered":"\u201cComer, dormir, rezar\u201d. Como se vive ap\u00f3s os 100 anos em Portugal?"},"content":{"rendered":"<p>O seu acesso ao PDF \u00e9 um acto de confian\u00e7a.<\/p>\n<p>A partilha em PDF de jornais e revistas nacionais por email, whatsapp ou outras redes sociais \u00e9 uma clara viola\u00e7\u00e3o dos direitos de autor. Al\u00e9m de crime, amea\u00e7a a sustentabilidade financeira das empresas de media, a informa\u00e7\u00e3o livre e independente, e coloca em risco postos de trabalho no sector da comunica\u00e7\u00e3o social e do seu papel como garante da democracia.<\/p>\n<p>Aproveite este PDF, mas n\u00e3o o partilhe. Diga n\u00e3o \u00e0 pirataria e sim \u00e0 informa\u00e7\u00e3o de qualidade.<\/p>\n","protected":false},"excerpt":{"rendered":"O seu acesso ao PDF \u00e9 um acto de confian\u00e7a. A partilha em PDF de jornais e revistas&hellip;\n","protected":false},"author":2,"featured_media":195840,"comment_status":"","ping_status":"","sticky":false,"template":"","format":"standard","meta":{"footnotes":""},"categories":[10],"tags":[27,28,15,16,14,25,26,21,22,12,13,19,20,32,23,24,33,17,18,29,30,31],"class_list":{"0":"post-195839","1":"post","2":"type-post","3":"status-publish","4":"format-standard","5":"has-post-thumbnail","7":"category-portugal","8":"tag-breaking-news","9":"tag-breakingnews","10":"tag-featured-news","11":"tag-featurednews","12":"tag-headlines","13":"tag-latest-news","14":"tag-latestnews","15":"tag-main-news","16":"tag-mainnews","17":"tag-news","18":"tag-noticias","19":"tag-noticias-principais","20":"tag-noticiasprincipais","21":"tag-portugal","22":"tag-principais-noticias","23":"tag-principaisnoticias","24":"tag-pt","25":"tag-top-stories","26":"tag-topstories","27":"tag-ultimas","28":"tag-ultimas-noticias","29":"tag-ultimasnoticias"},"share_on_mastodon":{"url":"https:\/\/pubeurope.com\/@pt\/115751344223282539","error":""},"_links":{"self":[{"href":"https:\/\/www.europesays.com\/pt\/wp-json\/wp\/v2\/posts\/195839","targetHints":{"allow":["GET"]}}],"collection":[{"href":"https:\/\/www.europesays.com\/pt\/wp-json\/wp\/v2\/posts"}],"about":[{"href":"https:\/\/www.europesays.com\/pt\/wp-json\/wp\/v2\/types\/post"}],"author":[{"embeddable":true,"href":"https:\/\/www.europesays.com\/pt\/wp-json\/wp\/v2\/users\/2"}],"replies":[{"embeddable":true,"href":"https:\/\/www.europesays.com\/pt\/wp-json\/wp\/v2\/comments?post=195839"}],"version-history":[{"count":0,"href":"https:\/\/www.europesays.com\/pt\/wp-json\/wp\/v2\/posts\/195839\/revisions"}],"wp:featuredmedia":[{"embeddable":true,"href":"https:\/\/www.europesays.com\/pt\/wp-json\/wp\/v2\/media\/195840"}],"wp:attachment":[{"href":"https:\/\/www.europesays.com\/pt\/wp-json\/wp\/v2\/media?parent=195839"}],"wp:term":[{"taxonomy":"category","embeddable":true,"href":"https:\/\/www.europesays.com\/pt\/wp-json\/wp\/v2\/categories?post=195839"},{"taxonomy":"post_tag","embeddable":true,"href":"https:\/\/www.europesays.com\/pt\/wp-json\/wp\/v2\/tags?post=195839"}],"curies":[{"name":"wp","href":"https:\/\/api.w.org\/{rel}","templated":true}]}}