{"id":195851,"date":"2025-12-20T10:23:14","date_gmt":"2025-12-20T10:23:14","guid":{"rendered":"https:\/\/www.europesays.com\/pt\/195851\/"},"modified":"2025-12-20T10:23:14","modified_gmt":"2025-12-20T10:23:14","slug":"ticiane-pinheiro-se-despede-de-funcionarios-da-record-e-revisita-locais-importantes-na-emissora-record","status":"publish","type":"post","link":"https:\/\/www.europesays.com\/pt\/195851\/","title":{"rendered":"Ticiane Pinheiro se despede de funcion\u00e1rios da RECORD e revisita locais importantes na emissora \u2013 Record"},"content":{"rendered":"<p class=\"jarvics:base-text-neutral-high-400 base-text-[calc(theme(fontSize.xxs)_*_var(--font-size,_1))] base-font-semibold base-font-primary base-text-neutral-low-500 base-text-left\">Ap\u00f3s duas d\u00e9cadas na tela da RECORD, a apresentadora Ticiane Pinheiro est\u00e1 em clima de despedida. De l\u00e1 para c\u00e1, ela esteve presente em diversos formatos, de novelas at\u00e9<br \/>\no matinal e entrou n\u00e3o s\u00f3 na casa dos telespectadores, mas na rotina dos funcion\u00e1rios da emissora. E, claro, que em seus \u00faltimos dias Tici aproveitou para se despedir pessoalmente de v\u00e1rios departamentos; confira!<\/p>\n","protected":false},"excerpt":{"rendered":"Ap\u00f3s duas d\u00e9cadas na tela da RECORD, a apresentadora Ticiane Pinheiro est\u00e1 em clima de despedida. De l\u00e1&hellip;\n","protected":false},"author":2,"featured_media":195852,"comment_status":"","ping_status":"","sticky":false,"template":"","format":"standard","meta":{"footnotes":""},"categories":[145],"tags":[211,210,114,115,6279,32,33,4787],"class_list":{"0":"post-195851","1":"post","2":"type-post","3":"status-publish","4":"format-standard","5":"has-post-thumbnail","7":"category-celebridades","8":"tag-celebridades","9":"tag-celebrities","10":"tag-entertainment","11":"tag-entretenimento","12":"tag-hoje-em-dia","13":"tag-portugal","14":"tag-pt","15":"tag-ticiane-pinheiro"},"share_on_mastodon":{"url":"https:\/\/pubeurope.com\/@pt\/115751407035470093","error":""},"_links":{"self":[{"href":"https:\/\/www.europesays.com\/pt\/wp-json\/wp\/v2\/posts\/195851","targetHints":{"allow":["GET"]}}],"collection":[{"href":"https:\/\/www.europesays.com\/pt\/wp-json\/wp\/v2\/posts"}],"about":[{"href":"https:\/\/www.europesays.com\/pt\/wp-json\/wp\/v2\/types\/post"}],"author":[{"embeddable":true,"href":"https:\/\/www.europesays.com\/pt\/wp-json\/wp\/v2\/users\/2"}],"replies":[{"embeddable":true,"href":"https:\/\/www.europesays.com\/pt\/wp-json\/wp\/v2\/comments?post=195851"}],"version-history":[{"count":0,"href":"https:\/\/www.europesays.com\/pt\/wp-json\/wp\/v2\/posts\/195851\/revisions"}],"wp:featuredmedia":[{"embeddable":true,"href":"https:\/\/www.europesays.com\/pt\/wp-json\/wp\/v2\/media\/195852"}],"wp:attachment":[{"href":"https:\/\/www.europesays.com\/pt\/wp-json\/wp\/v2\/media?parent=195851"}],"wp:term":[{"taxonomy":"category","embeddable":true,"href":"https:\/\/www.europesays.com\/pt\/wp-json\/wp\/v2\/categories?post=195851"},{"taxonomy":"post_tag","embeddable":true,"href":"https:\/\/www.europesays.com\/pt\/wp-json\/wp\/v2\/tags?post=195851"}],"curies":[{"name":"wp","href":"https:\/\/api.w.org\/{rel}","templated":true}]}}