{"id":195859,"date":"2025-12-20T10:32:28","date_gmt":"2025-12-20T10:32:28","guid":{"rendered":"https:\/\/www.europesays.com\/pt\/195859\/"},"modified":"2025-12-20T10:32:28","modified_gmt":"2025-12-20T10:32:28","slug":"6-dicas-praticas-para-se-desconectar-durante-as-festas-de-fim-de-ano","status":"publish","type":"post","link":"https:\/\/www.europesays.com\/pt\/195859\/","title":{"rendered":"6 dicas pr\u00e1ticas para se desconectar durante as festas de fim de ano"},"content":{"rendered":"<p><a href=\"https:\/\/fastcompanybrasil.com\/autor\/kelvin-chan\" rel=\"nofollow noopener\" target=\"_blank\">Kelvin Chan<\/a><\/p>\n<p>4 minutos de leitura\t<\/p>\n<p>As festas de fim de ano s\u00e3o um convite para desacelerar o ritmo da vida moderna e se reconectar com quem est\u00e1 mais pr\u00f3ximo,  em vez de passar tanto tempo interagindo com telas, aplicativos e chatbots.<\/p>\n<p>A seguir, algumas sugest\u00f5es para se desconectar do mundo online nas pr\u00f3ximas semanas, seja durante um almo\u00e7o ou jantar festivo, na troca de presentes ou em momentos de reflex\u00e3o pessoal.<\/p>\n<p><strong><strong><strong><strong><strong><strong>1. N\u00e3o me perturbe<\/strong><\/strong><\/strong><\/strong><\/strong><\/strong><\/p>\n<p>Seu celular j\u00e1 vem com recursos integrados que ajudam a reduzir distra\u00e7\u00f5es. Para silenciar temporariamente notifica\u00e7\u00f5es que disputam sua aten\u00e7\u00e3o, use a configura\u00e7\u00e3o <strong>Foco<\/strong> no iPhone ou em aparelhos Android.<\/p>\n<p><img decoding=\"async\" src=\"https:\/\/www.europesays.com\/pt\/wp-content\/uploads\/2025\/12\/iPhone-modo-Foco.jpg\" alt=\"iPhone modo Foco\" class=\"wp-image-246639\"\/><\/p>\n<p>Esse modo foi criado para evitar interrup\u00e7\u00f5es quando voc\u00ea precisa se concentrar. \u00c9 poss\u00edvel personaliz\u00e1-lo, bloqueando aplicativos espec\u00edficos ou ativando o sil\u00eancio apenas em determinados momentos, como durante o sono ou a leitura.<\/p>\n<p>Android e iOS tamb\u00e9m oferecem controles de <strong>tempo de tela<\/strong> para gerenciar o uso geral do dispositivo. Rolando demais o Instagram? Estabele\u00e7a um limite di\u00e1rio \u2013 por exemplo, 20 minutos.<\/p>\n<p>Outros truques incluem deixar a tela em tons de cinza, tornando-a menos atraente. Em iPhones e Androids, isso pode ser feito ajustando os filtros ou configura\u00e7\u00f5es de cor. No Android, ativar o <strong>Modo Hora de Dormir<\/strong> tamb\u00e9m transforma a tela em preto e branco.<\/p>\n<p><strong><strong><strong><strong><strong><strong><strong><strong>2. Apague aplicativos<\/strong><\/strong><\/strong><\/strong><\/strong><\/strong><\/strong><\/strong><\/p>\n<p>Uma forma eficaz de reduzir o uso do celular \u00e9 remover, ainda que temporariamente, aqueles apps nos quais voc\u00ea passa mais tempo rolando a tela. Se a abstin\u00eancia ficar insuport\u00e1vel, sempre \u00e9 poss\u00edvel reinstal\u00e1-los depois.<\/p>\n<p><strong><strong>3. V\u00e1 para fora\u2026<\/strong><\/strong><\/p>\n<p>Quando a temperatura sobe, a tenta\u00e7\u00e3o \u00e9 ficar em casa, no conforto do ar-condicionado. Mas evite passar o dia inteiro dentro de casa. Saia ao ar livre, longe dos sinais de wi-fi. Uma caminhada pelo parque ou por ruas arborizadas j\u00e1 faz diferen\u00e7a. Passar tempo ao ar livre, longe das telas, proporciona bem-estar f\u00edsico e mental.<\/p>\n<p><img decoding=\"async\" src=\"https:\/\/www.europesays.com\/pt\/wp-content\/uploads\/2025\/12\/andar-na-grama_relaxar_lazer.jpg\" alt=\"pessoa andando na grama\" class=\"wp-image-246642\"\/>Cr\u00e9dito: Freepik<strong><strong><strong>4. \u2026 e pise na grama<\/strong><\/strong><\/strong><\/p>\n<p>Existe at\u00e9 um aplicativo que obriga voc\u00ea a se reconectar com a natureza, o <strong><a href=\"https:\/\/www.touch-grass.app\" target=\"_blank\" rel=\"noreferrer noopener nofollow\">Touch Grass<\/a><\/strong>. Ele funciona de forma semelhante a outros que limitam o tempo de tela, for\u00e7ando pausas no uso do celular. A diferen\u00e7a \u00e9 que o Touch Grass exige que o usu\u00e1rio saia de casa e tire uma foto tocando fisicamente a grama.<\/p>\n<p>A vers\u00e3o gratuita permite bloquear dois aplicativos. No meu caso, foi eficaz para impedir que eu abrisse dois dos meus maiores desperdi\u00e7adores de tempo, Reddit e Instagram. Para bloquear todos os apps, \u00e9 preciso pagar uma assinatura de US$ 6 por m\u00eas ou US$ 50 por ano. Por enquanto, est\u00e1 dispon\u00edvel apenas para iPhone.<\/p>\n<p><strong><strong><strong><strong>5. Caneta e papel<\/strong><\/strong><\/strong><\/strong><\/p>\n<p>Quando foi a \u00faltima vez que voc\u00ea enviou um cart\u00e3o de Natal? Para a maioria dos nativos digitais, \u00e9 mais f\u00e1cil digitar mensagens ou enviar cart\u00f5es virtuais por aplicativos de conversa do que escrever \u00e0 m\u00e3o.<\/p>\n<p><img decoding=\"async\" src=\"https:\/\/www.europesays.com\/pt\/wp-content\/uploads\/2025\/12\/cartao-de-Natal-escrito-a-mao.jpg\" alt=\"cart\u00e3o de Natal escrito a m\u00e3o\" class=\"wp-image-246648\"\/><\/p>\n<p>O resultado de tanto tocar, digitar e deslizar os dedos nas telas \u00e9 que a caligrafia est\u00e1 se tornando uma habilidade em extin\u00e7\u00e3o. No entanto, pesquisas indicam que escrever \u00e0 m\u00e3o traz benef\u00edcios neurol\u00f3gicos e cognitivos. Tomar notas manualmente, por exemplo, ajuda estudantes a aprender e reter melhor informa\u00e7\u00f5es.<\/p>\n<p>Aproveite esta \u00e9poca do ano para escrever uma mensagem atenciosa a algu\u00e9m especial, uma carta para um amigo distante ou bilhetes de agradecimento pelos presentes recebidos.<\/p>\n<p><strong><strong><strong><strong><strong>6. Leia um livro<\/strong><\/strong><\/strong><\/strong><\/strong><\/p>\n<p>Se voc\u00ea ainda n\u00e3o sabe o que quer ganhar de Natal, que tal pedir um livro? Nesta \u00e9poca do ano, \u00e9 f\u00e1cil encontrar inspira\u00e7\u00e3o, j\u00e1 que muitas pessoas compartilham as leituras feitas ao longo dos \u00faltimos 12 meses e ve\u00edculos de comunica\u00e7\u00e3o publicam listas dos melhores do ano (veja <a href=\"https:\/\/fastcompanybrasil.com\/worklife\/6-livros-que-sao-otimas-opcoes-de-presente-neste-natal\/\" rel=\"nofollow noopener\" target=\"_blank\">aqui<\/a> algumas dicas da <strong>Fast Company Brasil<\/strong>).<\/p>\n<p>A leitura de obras longas de fic\u00e7\u00e3o ou n\u00e3o fic\u00e7\u00e3o traz benef\u00edcios que n\u00e3o podem ser obtidos com breves trechos de texto no celular: compreens\u00e3o mais profunda de um tema, desenvolvimento da empatia, aumento do foco e da concentra\u00e7\u00e3o, entre outros.<\/p>\n<p><strong><strong><strong><strong><strong><strong>TRANQUE (LITERALMENTE) SEU CELULAR<\/strong><\/strong><\/strong><\/strong><\/strong><\/strong><\/p>\n<p>Se voc\u00ea busca um presente de \u00faltima hora, que tal um cofre com trava temporizada para manter seu celular fora de alcance por 15 minutos, algumas horas ou at\u00e9 semanas? H\u00e1 diversos modelos \u00e0 venda. Por cerca de US$ 30, comprei um de pl\u00e1stico, com espa\u00e7o para v\u00e1rios smartphones. O folheto de instru\u00e7\u00f5es afirma que o produto serve para \u201cestimular a autodisciplina\u201d.<\/p>\n<p>Basta programar o tempo (at\u00e9 30 dias) e um visor digital faz a contagem regressiva at\u00e9 a libera\u00e7\u00e3o. A tampa tem pequenas aberturas para passar cabos de carregamento enquanto o aparelho est\u00e1 trancado.<\/p>\n<p><img decoding=\"async\" src=\"https:\/\/www.europesays.com\/pt\/wp-content\/uploads\/2025\/12\/celular-vintage-antigo.jpg\" alt=\"celular vintage antigo\" class=\"wp-image-246652\"\/><\/p>\n<p>Outra ideia de presente \u00e9 um celular tipo \u201ctijol\u00e3o\u201d, que serve bem para aqueles que buscam um telefone b\u00e1sico, sem toda a estimula\u00e7\u00e3o digital dos smartphones.<\/p>\n<p>Modelos retr\u00f4 da Nokia remetem aos prim\u00f3rdios da telefonia m\u00f3vel, sem telas sens\u00edveis ao toque, com teclados num\u00e9ricos e jogos cl\u00e1ssicos como Snake. A maioria faz apenas chamadas e envia mensagens de texto.<\/p>\n<p><img decoding=\"async\" src=\"\" alt=\"\"\/><\/p>\n<p>SOBRE O AUTOR<\/p>\n<p>  <a href=\"https:\/\/fastcompanybrasil.com\/autor\/kelvin-chan\" rel=\"nofollow noopener\" target=\"_blank\"><\/p>\n<p class=\"description\">Kelvin Chan \u00e9 jornalista de neg\u00f3cios da Associated Press. saiba mais<\/p>\n<p><\/a><\/p>\n","protected":false},"excerpt":{"rendered":"Kelvin Chan 4 minutos de leitura As festas de fim de ano s\u00e3o um convite para desacelerar o&hellip;\n","protected":false},"author":2,"featured_media":195860,"comment_status":"","ping_status":"","sticky":false,"template":"","format":"standard","meta":{"footnotes":""},"categories":[84],"tags":[109,107,108,32,33,105,103,104,106,110],"class_list":{"0":"post-195859","1":"post","2":"type-post","3":"status-publish","4":"format-standard","5":"has-post-thumbnail","7":"category-ciencia-e-tecnologia","8":"tag-ciencia","9":"tag-ciencia-e-tecnologia","10":"tag-cienciaetecnologia","11":"tag-portugal","12":"tag-pt","13":"tag-science","14":"tag-science-and-technology","15":"tag-scienceandtechnology","16":"tag-technology","17":"tag-tecnologia"},"share_on_mastodon":{"url":"https:\/\/pubeurope.com\/@pt\/115751444959212332","error":""},"_links":{"self":[{"href":"https:\/\/www.europesays.com\/pt\/wp-json\/wp\/v2\/posts\/195859","targetHints":{"allow":["GET"]}}],"collection":[{"href":"https:\/\/www.europesays.com\/pt\/wp-json\/wp\/v2\/posts"}],"about":[{"href":"https:\/\/www.europesays.com\/pt\/wp-json\/wp\/v2\/types\/post"}],"author":[{"embeddable":true,"href":"https:\/\/www.europesays.com\/pt\/wp-json\/wp\/v2\/users\/2"}],"replies":[{"embeddable":true,"href":"https:\/\/www.europesays.com\/pt\/wp-json\/wp\/v2\/comments?post=195859"}],"version-history":[{"count":0,"href":"https:\/\/www.europesays.com\/pt\/wp-json\/wp\/v2\/posts\/195859\/revisions"}],"wp:featuredmedia":[{"embeddable":true,"href":"https:\/\/www.europesays.com\/pt\/wp-json\/wp\/v2\/media\/195860"}],"wp:attachment":[{"href":"https:\/\/www.europesays.com\/pt\/wp-json\/wp\/v2\/media?parent=195859"}],"wp:term":[{"taxonomy":"category","embeddable":true,"href":"https:\/\/www.europesays.com\/pt\/wp-json\/wp\/v2\/categories?post=195859"},{"taxonomy":"post_tag","embeddable":true,"href":"https:\/\/www.europesays.com\/pt\/wp-json\/wp\/v2\/tags?post=195859"}],"curies":[{"name":"wp","href":"https:\/\/api.w.org\/{rel}","templated":true}]}}