{"id":195861,"date":"2025-12-20T10:41:19","date_gmt":"2025-12-20T10:41:19","guid":{"rendered":"https:\/\/www.europesays.com\/pt\/195861\/"},"modified":"2025-12-20T10:41:19","modified_gmt":"2025-12-20T10:41:19","slug":"acabou-por-nao-chegar-nada-dentro-do-que-queria-para-continuar-em-portugal","status":"publish","type":"post","link":"https:\/\/www.europesays.com\/pt\/195861\/","title":{"rendered":"\u00abAcabou por n\u00e3o chegar nada dentro do que queria para continuar em Portugal\u00bb"},"content":{"rendered":"<p>Ricardinho deixou marca em quatro temporadas ao servi\u00e7o do Santa Clara. Terminou contrato com os a\u00e7orianos no final da \u00faltima \u00e9poca, em final de contrato, e rumou ao M\u00e9xico. Apesar de ter ofertas de Portugal&#8230; aqu\u00e9m daquilo que idealizava.<\/p>\n<p><strong>\u2014 Saiu do Santa Clara em final de contrato, este ano. Guardou alguma m\u00e1goa?<\/strong><\/p>\n<p>\u2014 Podia ter ficado com m\u00e1goa se n\u00e3o tivesse deixado o clube onde deixei. Quando cheguei ao Santa Clara, eles estavam na Conference League. Quando sa\u00ed, tamb\u00e9m os deixei na Conference League. As pessoas do clube, presidente, treinador e colegas, despediram-se de mim de uma forma que vou guardar para o resto da minha vida. Sinto que sa\u00ed pela porta grande, mesmo n\u00e3o tendo dado algum valor monet\u00e1rio ao clube. Mas, em termos desportivos, deixei o clube no mesmo lugar em que estava quando cheguei. Mesmo agora falo com as pessoas do Santa Clara e h\u00e1 um carinho muito especial. Vou torcer sempre para que o Santa Clara tenha muito \u00eaxito.<\/p>\n<p><strong>\u2014 Teve propostas para continuar em Portugal?<\/strong><\/p>\n<p>\u2014 Tive v\u00e1rias abordagens, de v\u00e1rios pa\u00edses. Tamb\u00e9m algumas de Portugal, mas dentro do que eu queria para continuar no pa\u00eds, acabou por n\u00e3o chegar nada. Al\u00e9m da quest\u00e3o financeira, o Ju\u00e1rez acabou por ser aquela op\u00e7\u00e3o em que senti que ia sair de casa mas ia para&#8230; casa. Senti sempre o carinho das pessoas, do m\u00edster e da Dire\u00e7\u00e3o. Mostraram sempre que estavam muito interessadas e que iam receber-me bem. Estava de p\u00e9 atr\u00e1s por ser Ju\u00e1rez, mas, depois de chegar e de ver a forma como me receberam, fiquei muito feliz. Tive v\u00e1rias propostas de outros pa\u00edses, mas senti que Ju\u00e1rez seria aquela que me acolheria melhor, juntamente com a minha fam\u00edlia. Foi a decis\u00e3o certa.<\/p>\n<p><strong>\u2014 Que objetivos tem a longo prazo?<\/strong><\/p>\n<p>\u2014 Eu costumo pensar muito no futuro pr\u00f3ximo e n\u00e3o t\u00e3o adiante. Neste momento, quero voltar a Ju\u00e1rez e fazer um torneio [Clausura] ao n\u00edvel que sei que posso atingir. Tenho as for\u00e7as renovadas, j\u00e1 vim a casa, estive com a minha fam\u00edlia e estou a desfrutar destes dias de pausa. Tenho a certeza de que vou voltar a Ju\u00e1rez com pronto para fazer um grande torneio. Tenho contrato at\u00e9 2028, por isso o objetivo agora passa por fazer grandes \u00e9pocas no Ju\u00e1rez e, no futuro, quem sabe voltar \u00e0 Europa, a um n\u00edvel alto, para continuar a fazer o meu percurso da melhor forma, ajudar a minha fam\u00edlia e desfrutar do futebol, que \u00e9 o mais importante.<\/p>\n","protected":false},"excerpt":{"rendered":"Ricardinho deixou marca em quatro temporadas ao servi\u00e7o do Santa Clara. Terminou contrato com os a\u00e7orianos no final&hellip;\n","protected":false},"author":2,"featured_media":195862,"comment_status":"","ping_status":"","sticky":false,"template":"","format":"standard","meta":{"footnotes":""},"categories":[8],"tags":[27,28,15,16,14,25,26,21,22,12,13,19,20,32,23,24,33,17,18,29,30,31],"class_list":{"0":"post-195861","1":"post","2":"type-post","3":"status-publish","4":"format-standard","5":"has-post-thumbnail","7":"category-principais-noticias","8":"tag-breaking-news","9":"tag-breakingnews","10":"tag-featured-news","11":"tag-featurednews","12":"tag-headlines","13":"tag-latest-news","14":"tag-latestnews","15":"tag-main-news","16":"tag-mainnews","17":"tag-news","18":"tag-noticias","19":"tag-noticias-principais","20":"tag-noticiasprincipais","21":"tag-portugal","22":"tag-principais-noticias","23":"tag-principaisnoticias","24":"tag-pt","25":"tag-top-stories","26":"tag-topstories","27":"tag-ultimas","28":"tag-ultimas-noticias","29":"tag-ultimasnoticias"},"share_on_mastodon":{"url":"https:\/\/pubeurope.com\/@pt\/115751477809810530","error":""},"_links":{"self":[{"href":"https:\/\/www.europesays.com\/pt\/wp-json\/wp\/v2\/posts\/195861","targetHints":{"allow":["GET"]}}],"collection":[{"href":"https:\/\/www.europesays.com\/pt\/wp-json\/wp\/v2\/posts"}],"about":[{"href":"https:\/\/www.europesays.com\/pt\/wp-json\/wp\/v2\/types\/post"}],"author":[{"embeddable":true,"href":"https:\/\/www.europesays.com\/pt\/wp-json\/wp\/v2\/users\/2"}],"replies":[{"embeddable":true,"href":"https:\/\/www.europesays.com\/pt\/wp-json\/wp\/v2\/comments?post=195861"}],"version-history":[{"count":0,"href":"https:\/\/www.europesays.com\/pt\/wp-json\/wp\/v2\/posts\/195861\/revisions"}],"wp:featuredmedia":[{"embeddable":true,"href":"https:\/\/www.europesays.com\/pt\/wp-json\/wp\/v2\/media\/195862"}],"wp:attachment":[{"href":"https:\/\/www.europesays.com\/pt\/wp-json\/wp\/v2\/media?parent=195861"}],"wp:term":[{"taxonomy":"category","embeddable":true,"href":"https:\/\/www.europesays.com\/pt\/wp-json\/wp\/v2\/categories?post=195861"},{"taxonomy":"post_tag","embeddable":true,"href":"https:\/\/www.europesays.com\/pt\/wp-json\/wp\/v2\/tags?post=195861"}],"curies":[{"name":"wp","href":"https:\/\/api.w.org\/{rel}","templated":true}]}}