{"id":195891,"date":"2025-12-20T11:14:44","date_gmt":"2025-12-20T11:14:44","guid":{"rendered":"https:\/\/www.europesays.com\/pt\/195891\/"},"modified":"2025-12-20T11:14:44","modified_gmt":"2025-12-20T11:14:44","slug":"veio-iluminar-as-nossas-vidas-atriz-famosa-foi-mae-pela-primeira-vez-aos-47-anos-novelas","status":"publish","type":"post","link":"https:\/\/www.europesays.com\/pt\/195891\/","title":{"rendered":"\u00abVeio iluminar as nossas vidas\u00bb: Atriz famosa foi m\u00e3e pela primeira vez aos 47 anos &#8211; Novelas"},"content":{"rendered":"<p data-end=\"437\" data-start=\"255\">A primeira filha da atriz <a href=\"https:\/\/tvi.iol.pt\/novelas\/videos\/atriz-da-tvi-gravida-aos-46-anos-confessa-foi-muito-solitario\/68a5a2770cf2ba9f720f17e6\" rel=\"nofollow noopener\" target=\"_blank\"><strong data-end=\"91\" data-start=\"77\">Alda Gomes<\/strong><\/a>, conhecida por participar em v\u00e1rias novelas da <strong data-end=\"146\" data-start=\"139\">TVI<\/strong>, como \u00abDestinos Cruzados\u00bb e \u00abMassa Fresca\u00bb, nasceu no passado dia 10, sendo que a atriz s\u00f3 revelou a novidade esta quarta-feira, dia 17, uma semana depois do parto. A beb\u00e9 recebeu o nome de <strong data-end=\"346\" data-start=\"337\">Clara<\/strong>.<\/p>\n<p data-end=\"630\" data-start=\"439\">Atrav\u00e9s do Instagram, <strong data-end=\"475\" data-start=\"461\">Alda Gomes<\/strong> partilhou com os seguidores a <strong data-end=\"537\" data-start=\"506\">primeira fotografia da beb\u00e9<\/strong>, revelando o nome e escrevendo na legenda: <strong>&#8220;A luzinha que veio iluminar as nossas vidas!&#8221;.<\/strong><\/p>\n<blockquote class=\"instagram-media\" data-instgrm-captioned=\"\" data-instgrm-permalink=\"https:\/\/www.instagram.com\/p\/DSYLqM1jPO2\/?utm_source=ig_embed&amp;utm_campaign=loading\" data-instgrm-version=\"14\" style=\" background:#FFF; border:0; border-radius:3px; box-shadow:0 0 1px 0 rgba(0,0,0,0.5),0 1px 10px 0 rgba(0,0,0,0.15); margin: 1px; max-width:540px; min-width:326px; padding:0; width:99.375%; width:-webkit-calc(100% - 2px); width:calc(100% - 2px);\">\n<\/blockquote>\n<p data-end=\"1134\" data-start=\"632\">No momento em que anunciou a gravidez, a atriz falou sobre o caminho at\u00e9 \u00e0 maternidade, sublinhando que o sonho de ser m\u00e3e se realizaria depois de um per\u00edodo de tentativas: &#8220;A todas as mulheres guerreiras que tentam engravidar e ainda n\u00e3o conseguiram: sei como \u00e9 frustrante, doloroso e, tantas vezes, solit\u00e1rio. Eu j\u00e1 estive a\u00ed. Mas, por favor, n\u00e3o se esque\u00e7am: voc\u00eas n\u00e3o est\u00e3o sozinhas. N\u00e3o desistam &#8211; e, principalmente, n\u00e3o desistam de voc\u00eas mesmas. Estamos juntas, de m\u00e3os dadas. Sempre&#8221;, afirmou.<\/p>\n<p data-end=\"1228\" data-start=\"1136\">Al\u00e9m disso, <strong data-end=\"1162\" data-start=\"1148\">Alda Gomes<\/strong> celebrou recentemente o seu 47.\u00ba anivers\u00e1rio, a 10 de novembro.<\/p>\n<p data-end=\"1292\" data-start=\"1230\"><strong data-end=\"1239\" data-start=\"1230\">Clara<\/strong> \u00e9 fruto da rela\u00e7\u00e3o da atriz com <strong data-end=\"1289\" data-start=\"1272\">Vasco Teodoro<\/strong>. Relembre-se que <strong data-end=\"17\" data-start=\"0\">Vasco Teodoro<\/strong> \u00e9 o companheiro de longa data da atriz <strong data-end=\"71\" data-start=\"57\">Alda Gomes. <\/strong>\u00c9\u00a0conhecido por ser produtor e m\u00fasico, tendo trabalhado com a sua pr\u00f3pria empresa ou est\u00fadio na \u00e1rea da m\u00fasica, e \u00e9 frequentemente mencionado na imprensa portuguesa como parceiro de Alda Gomes ao longo de mais de uma d\u00e9cada de rela\u00e7\u00e3o.<\/p>\n<p data-end=\"1292\" data-start=\"1230\">Reveja uma das entrevistas da atriz enquanto estava gr\u00e1vida ao lado de Cristina Ferreira:\u00a0<\/p>\n<p>                        <script async src=\"\/\/www.instagram.com\/embed.js\"><\/script><\/p>\n","protected":false},"excerpt":{"rendered":"A primeira filha da atriz Alda Gomes, conhecida por participar em v\u00e1rias novelas da TVI, como \u00abDestinos Cruzados\u00bb&hellip;\n","protected":false},"author":2,"featured_media":195892,"comment_status":"","ping_status":"","sticky":false,"template":"","format":"standard","meta":{"footnotes":""},"categories":[142],"tags":[11709,160,2557,166,114,115,157,167,164,2558,161,158,165,159,32,33,156,163,151,162],"class_list":{"0":"post-195891","1":"post","2":"type-post","3":"status-publish","4":"format-standard","5":"has-post-thumbnail","7":"category-tv","8":"tag-alda-gomes","9":"tag-ana-guiomar","10":"tag-bebe","11":"tag-cristina-ferreira","12":"tag-entertainment","13":"tag-entretenimento","14":"tag-festa-e-festa","15":"tag-ficcao","16":"tag-jose-fidalgo","17":"tag-maternidade","18":"tag-novelas","19":"tag-para-sempre","20":"tag-pedro-sousa","21":"tag-pedro-teixeira","22":"tag-portugal","23":"tag-pt","24":"tag-queridos-papas","25":"tag-tiago-teotonio-pereira","26":"tag-tv","27":"tag-tvi"},"share_on_mastodon":{"url":"https:\/\/pubeurope.com\/@pt\/115751611455530455","error":""},"_links":{"self":[{"href":"https:\/\/www.europesays.com\/pt\/wp-json\/wp\/v2\/posts\/195891","targetHints":{"allow":["GET"]}}],"collection":[{"href":"https:\/\/www.europesays.com\/pt\/wp-json\/wp\/v2\/posts"}],"about":[{"href":"https:\/\/www.europesays.com\/pt\/wp-json\/wp\/v2\/types\/post"}],"author":[{"embeddable":true,"href":"https:\/\/www.europesays.com\/pt\/wp-json\/wp\/v2\/users\/2"}],"replies":[{"embeddable":true,"href":"https:\/\/www.europesays.com\/pt\/wp-json\/wp\/v2\/comments?post=195891"}],"version-history":[{"count":0,"href":"https:\/\/www.europesays.com\/pt\/wp-json\/wp\/v2\/posts\/195891\/revisions"}],"wp:featuredmedia":[{"embeddable":true,"href":"https:\/\/www.europesays.com\/pt\/wp-json\/wp\/v2\/media\/195892"}],"wp:attachment":[{"href":"https:\/\/www.europesays.com\/pt\/wp-json\/wp\/v2\/media?parent=195891"}],"wp:term":[{"taxonomy":"category","embeddable":true,"href":"https:\/\/www.europesays.com\/pt\/wp-json\/wp\/v2\/categories?post=195891"},{"taxonomy":"post_tag","embeddable":true,"href":"https:\/\/www.europesays.com\/pt\/wp-json\/wp\/v2\/tags?post=195891"}],"curies":[{"name":"wp","href":"https:\/\/api.w.org\/{rel}","templated":true}]}}