{"id":195897,"date":"2025-12-20T11:20:15","date_gmt":"2025-12-20T11:20:15","guid":{"rendered":"https:\/\/www.europesays.com\/pt\/195897\/"},"modified":"2025-12-20T11:20:15","modified_gmt":"2025-12-20T11:20:15","slug":"8-produtos-coreanos-que-estao-em-alta-e-voce-ja-encontra-no-brasil","status":"publish","type":"post","link":"https:\/\/www.europesays.com\/pt\/195897\/","title":{"rendered":"8 produtos coreanos que est\u00e3o em alta e voc\u00ea j\u00e1 encontra no Brasil"},"content":{"rendered":"<p>Da \u201cglass skin\u201d aos ingredientes como centella asi\u00e1tica e mucina de caracol, a busca por <strong>produtos coreanos<\/strong> tem crescido de maneira exponencial no Brasil. E n\u00e3o \u00e9 para menos: marcas e f\u00f3rmulas vindas da Coreia do Sul v\u00eam conquistando espa\u00e7o em lojas f\u00edsicas e digitais com novidades que aliam tecnologia, est\u00e9tica e inova\u00e7\u00e3o.\u00a0Al\u00e9m disso, nas redes sociais, especialmente no TikTok, o interesse pelas hashtags relacionadas ao skincare coreano aumentou dramaticamente \u2013 em julho de 2025 houve crescimento de cerca de 130% em compara\u00e7\u00e3o a julho de 2023. O que chama aten\u00e7\u00e3o n\u00e3o \u00e9 s\u00f3 a curiosidade: os brasileiros est\u00e3o, de fato, comprando \u2013 e muitas vezes descobrindo essas f\u00f3rmulas como solu\u00e7\u00f5es para manchas, oleosidade, ressecamento ou para manter a pele vi\u00e7osa.<\/p>\n<p>Se voc\u00ea ainda n\u00e3o testou nenhum, vale a pena conhecer algumas dessas tend\u00eancias que j\u00e1 chegam \u00e0s prateleiras nacionais.<\/p>\n<p>Leia mais:\u00a0<a href=\"https:\/\/elle.com.br\/beleza\/produtos-coreanos-que-sao-hit-no-tiktok\" rel=\"nofollow noopener\" target=\"_blank\">Listamos 7 produtos coreanos acess\u00edveis que s\u00e3o hit no TikTok<\/a><br \/>\n8 produtos coreanos que est\u00e3o em alta e voc\u00ea encontra no Brasil<\/p>\n<p>A seguir, descubra alguns dos destaques que est\u00e3o fazendo sucesso por aqui. Enquanto uns j\u00e1 s\u00e3o mestres em viralizar, outros v\u00e3o ganhando visibilidade gradualmente.\u00a0<\/p>\n<p>Water Sleeping Mask, Laneige, <a href=\"https:\/\/www.sephora.com.br\/mascara-noturna-laneige-water-sleep-mask-88991989-88991989.html\" target=\"_blank\" rel=\"noopener nofollow\">R$ 239<\/a><\/p>\n<p><img loading=\"lazy\" decoding=\"async\" class=\"lazy lazy-hidden alignnone wp-image-162740 size-full\" data-lazy-type=\"image\" src=\"https:\/\/www.europesays.com\/pt\/wp-content\/uploads\/2025\/12\/LANEIGE_CROPS_2000x2000_133.avif.webp\" alt=\"produtos coreanos\" width=\"1200\" height=\"1200\" title=\"8 produtos coreanos que est\u00e3o em alta e voc\u00ea j\u00e1 encontra no Brasil\"\/><\/p>\n<p>A m\u00e1scara noturna da\u00a0Laneige\u00a0restaura os n\u00edveis de umidade da pele, que fica envolvida em uma fina camada de ativos hidratantes durante a noite. Ela ainda conta com uma fragr\u00e2ncia com notas de laranja, ylang-ylang e s\u00e2ndalo, que prometem ajudar no relaxamento.\u00a0<\/p>\n<p>TXA Niacinamide Capsule Cream, Medicube, <a href=\"https:\/\/www.belezanaweb.com.br\/mp451107-txa-niacinamide-capsule-cream-55g-medicube\/\" target=\"_blank\" rel=\"noopener nofollow\">R$ 490<\/a><\/p>\n<p><img loading=\"lazy\" decoding=\"async\" class=\"lazy lazy-hidden alignnone wp-image-162739 size-medium_large\" data-lazy-type=\"image\" src=\"https:\/\/www.europesays.com\/pt\/wp-content\/uploads\/2025\/12\/txa_niacinamide_capsule_cream_medicube_1_20250807134921_35b7b015f2a9-1-768x768.webp.webp\" alt=\"produtos coreanos\" width=\"768\" height=\"768\" title=\"8 produtos coreanos que est\u00e3o em alta e voc\u00ea j\u00e1 encontra no Brasil\"\/>Este \u00e9 um creme facial de alta performance que combina niacinamida e \u00e1cido tranex\u00e2mico (TXA) para combater manchas escuras e uniformizar o tom da pele. Com c\u00e1psulas ativas que se rompem ao aplicar, a f\u00f3rmula entrega os ingredientes de forma concentrada, promovendo melhor absor\u00e7\u00e3o, hidrata\u00e7\u00e3o intensa e controle do brilho. Ideal para todos os tipos de pele, inclusive as sens\u00edveis, o produto ainda fortalece a barreira cut\u00e2nea, suaviza poros dilatados e deixa a pele visivelmente mais luminosa, macia e uniforme com o uso cont\u00ednuo.<\/p>\n<p>Sabonete hidratante facial, Hada Labo,\u00a0<a style=\"color: #000000;\" href=\"https:\/\/www.amazon.com.br\/dp\/B07ZD6R4QJ?ref=emc_s_m_5_i_atc\" target=\"_blank\" rel=\"noopener nofollow\">R$ 45<\/a><\/p>\n<p><img loading=\"lazy\" decoding=\"async\" class=\"lazy lazy-hidden alignnone wp-image-162741 size-full\" data-lazy-type=\"image\" src=\"https:\/\/www.europesays.com\/pt\/wp-content\/uploads\/2025\/12\/sabonete-hidratante-facial-hadalabo-gokujyun-face-wash-1-.webp.webp\" alt=\"produtos coreanos\" width=\"800\" height=\"800\" title=\"8 produtos coreanos que est\u00e3o em alta e voc\u00ea j\u00e1 encontra no Brasil\"\/>O Gokujyun Face Wash, da Hada Labo, tem em sua lista de ingredientes n\u00e3o apenas um, mas tr\u00eas tipos de \u00e1cido hialur\u00f4nico, o queridinho das hidratadas. Entre eles, est\u00e1 o sodium hyaluronate, que tem a fun\u00e7\u00e3o de atrair e reter a \u00e1gua nas camadas mais superficiais da pele, ajudando a fortalecer sua barreira. Al\u00e9m disso, este sabonete ainda conta com adi\u00e7\u00e3o de a\u00e7\u00facar isomerado em sua composi\u00e7\u00e3o, que tamb\u00e9m mant\u00e9m a umidade cut\u00e2nea mesmo ap\u00f3s o enx\u00e1gue. Ideal para peles secas, oleosas, mistas e maduras.<\/p>\n<p>T\u00f4nico facial hidratante Cream Skin, Laneige,\u00a0<a style=\"color: #000000;\" href=\"https:\/\/www.sephora.com.br\/tonico-facial-hidratante-laneige-88991190-745136.html?gad_source=1&amp;gad_campaignid=22321821735&amp;gbraid=0AAAAADxJrdRJezu6iKbpR3iX16DpAMYwC&amp;gclid=Cj0KCQjw-NfDBhDyARIsAD-ILeDLAO-7czln9kvMWe2BPWxKlj5I5Hx1G75zVfWv15TZ-Fdls8xagCUaAurVEALw_wcB\" target=\"_blank\" rel=\"noopener nofollow\">R$ 129<\/a><\/p>\n<p><img loading=\"lazy\" decoding=\"async\" class=\"lazy lazy-hidden alignnone wp-image-162742 size-full\" data-lazy-type=\"image\" src=\"https:\/\/www.europesays.com\/pt\/wp-content\/uploads\/2025\/12\/731540-1.avif.webp\" alt=\"produtos coreanos\" width=\"1200\" height=\"1200\" title=\"8 produtos coreanos que est\u00e3o em alta e voc\u00ea j\u00e1 encontra no Brasil\"\/>Enriquecido com extrato de folha de ch\u00e1 branco, que hidrata e ajuda a suavizar a apar\u00eancia da pele, e com complexo de ceramidas e pept\u00eddeos,\u00a0que nutre intensamente, este t\u00f4nico facial de Laneige \u00e9 um h\u00edbrido que promete ser t\u00e3o leve como uma lo\u00e7\u00e3o e t\u00e3o hidratante quanto um creme. De f\u00e1cil absor\u00e7\u00e3o, ele tamb\u00e9m pode ser utilizado como uma bruma facial (\u00e9 poss\u00edvel adquirir uma v\u00e1lvula spray separadamente). Use como quiser: pela manh\u00e3 e \u00e0 noite, ap\u00f3s a limpeza, ou ao longo do dia, para hidrata\u00e7\u00e3o adicional.<\/p>\n<p>Toner Pads Zero Poros 2.0, Medicube, <a href=\"https:\/\/www.belezanaweb.com.br\/mp436790-medicube-toner-pads-zero-poros-2-0-70pads-155g\/\" target=\"_blank\" rel=\"noopener nofollow\">R$ 289<\/a><\/p>\n<p><img loading=\"lazy\" decoding=\"async\" class=\"lazy lazy-hidden alignnone wp-image-162743 size-medium_large\" data-lazy-type=\"image\" src=\"https:\/\/www.europesays.com\/pt\/wp-content\/uploads\/2025\/12\/57a4c0ad-7cc9-4f77-b995-cd89276c46f5-mc-013-680f93f3a824fd1004630081-1a1a4026-077b-4f0e-854d-d135299.webp\" alt=\"produtos coreanos\" width=\"768\" height=\"1022\" title=\"8 produtos coreanos que est\u00e3o em alta e voc\u00ea j\u00e1 encontra no Brasil\"\/>Praticidade e alta efic\u00e1cia em um \u00fanico passo da rotina de skincare. Com 70 discos embebidos em t\u00f4nico, o produto promove uma esfolia\u00e7\u00e3o suave com o lado texturizado, enquanto a face lisa ajuda a uniformizar a textura da pele e potencializar a absor\u00e7\u00e3o dos ativos. Ideal para quem busca minimizar poros dilatados, controlar a oleosidade e suavizar imperfei\u00e7\u00f5es, os pads s\u00e3o formulados com ingredientes dermatologicamente testados e seguros para o uso di\u00e1rio. Um cuidado inteligente da marca sul-coreana Medicube, refer\u00eancia em solu\u00e7\u00f5es cient\u00edficas para a sa\u00fade e beleza da pele.<\/p>\n<p>S\u00e9rum Rejuvenescedor Miss Flower &amp; Mr. Honey, Banila Co, <a href=\"https:\/\/www.epocacosmeticos.com.br\/serum-rejuvenescedor-banila-co-miss-flowers-mr-honey\/p?idsku=68459&amp;utm_content=68459&amp;utm_medium=cpc&amp;utmi_cp=pla&amp;gad_source=1&amp;gad_campaignid=17622085891&amp;gbraid=0AAAAADozk7ec5Z4FN7Z-MRemU8wrKiuZB&amp;gclid=CjwKCAjw_-3GBhAYEiwAjh9fUG3HMfDigjlj865FlrnydoBbMeM4rW3tVpsCMSUpY2O784Pt4mDCzBoCwL4QAvD_BwE&amp;gclsrc=aw.ds\" target=\"_blank\" rel=\"noopener nofollow\">R$ 358<\/a><\/p>\n<p><img loading=\"lazy\" decoding=\"async\" class=\"lazy lazy-hidden aligncenter wp-image-162748 size-medium_large\" data-lazy-type=\"image\" src=\"https:\/\/www.europesays.com\/pt\/wp-content\/uploads\/2025\/12\/abelha-2-768x599.png\" alt=\"produtos coreanos\" width=\"768\" height=\"599\" title=\"8 produtos coreanos que est\u00e3o em alta e voc\u00ea j\u00e1 encontra no Brasil\"\/><\/p>\n<p>Com 82% de extrato de pr\u00f3polis e 2% de niacinamida, sua f\u00f3rmula poderosa atua no rejuvenescimento, uniformiza\u00e7\u00e3o do tom e redu\u00e7\u00e3o de poros, enquanto acalma e revitaliza at\u00e9 as peles mais sens\u00edveis ou acneicas. Leve como o mel e de r\u00e1pida absor\u00e7\u00e3o, este s\u00e9rum proporciona luminosidade imediata, combate inflama\u00e7\u00f5es e protege contra danos oxidativos. Livre de parabenos, sulfatos, \u00e1lcool e ingredientes agressivos, \u00e9 ideal para todos os tipos de pele, inclusive as mais exigentes.<\/p>\n<p>Bruma Facial Hidratante Watermelon Glow, da Glow Recipe, <a style=\"color: #000000;\" href=\"https:\/\/www.sephora.com.br\/bruma-facial-hidratante-glow-recipe-watermelon-glow-55990315-520038.html?utm_source=google&amp;utm_medium=cpc&amp;utm_campaign=smart-maquiagem-face&amp;gad_source=1&amp;gad_campaignid=17416462774&amp;gbraid=0AAAAADxJrdQAoB1tjP9dvTc5qIFyhTJHO&amp;gclid=CjwKCAjw_-3GBhAYEiwAjh9fUHJd5FmbjnRH1-ktsAhDTnpO4UZW0oYMU_tOX95xHT07CQUuMku9dRoCV5AQAvD_BwE\" target=\"_blank\" rel=\"noopener nofollow\">R$ 239<\/a><\/p>\n<p><img loading=\"lazy\" decoding=\"async\" class=\"lazy lazy-hidden alignnone size-full wp-image-162749\" data-lazy-type=\"image\" src=\"https:\/\/www.europesays.com\/pt\/wp-content\/uploads\/2025\/12\/2207231-av-00.avif.webp\" alt=\"produtos coreanos\" width=\"1200\" height=\"1200\" title=\"8 produtos coreanos que est\u00e3o em alta e voc\u00ea j\u00e1 encontra no Brasil\"\/>Aqui est\u00e1 o toque final para uma pele radiante e saud\u00e1vel. Com textura ultrafina e acabamento luminoso, esta bruma hidrata, nutre e sela a umidade com uma combina\u00e7\u00e3o eficaz de flor de hibisco, vinagre de ma\u00e7\u00e3 e \u00f3leo de g\u00e9rmen de arroz, ingredientes que suavizam, equilibram e protegem a pele dos radicais livres. Ideal para revitalizar a maquiagem ou refor\u00e7ar os cuidados di\u00e1rios, sua f\u00f3rmula bif\u00e1sica deve ser agitada antes do uso, garantindo uma n\u00e9voa uniforme que proporciona vi\u00e7o instant\u00e2neo e frescor duradouro.<\/p>\n<p>S\u00e9rum Concentrado de Vitamina C Premium Essence, Melano CC, <a href=\"https:\/\/www.epocacosmeticos.com.br\/serum-concentrado-de-vitamina-c-melano-cc-premium-essence\/p?idsku=71311&amp;utm_content=71311&amp;utm_medium=cpc&amp;utmi_cp=pla&amp;gad_source=1&amp;gad_campaignid=17622085891&amp;gbraid=0AAAAADozk7ec5Z4FN7Z-MRemU8wrKiuZB&amp;gclid=CjwKCAjw_-3GBhAYEiwAjh9fUB3Qk-gb0nGM-ubad4jki6OaHU00JJ2S1zg83KkvfeYd-HZ_DH2UhxoC7iYQAvD_BwE&amp;gclsrc=aw.ds\" target=\"_blank\" rel=\"noopener nofollow\">R$ 119<\/a><\/p>\n<p><img loading=\"lazy\" decoding=\"async\" class=\"lazy lazy-hidden aligncenter wp-image-162750 size-full\" data-lazy-type=\"image\" src=\"https:\/\/www.europesays.com\/pt\/wp-content\/uploads\/2025\/12\/serum-concentrado-de-vitamina-c-melano-cc-premium-essence-2-.webp.webp\" alt=\"produtos coreanos\" width=\"800\" height=\"800\" title=\"8 produtos coreanos que est\u00e3o em alta e voc\u00ea j\u00e1 encontra no Brasil\"\/><\/p>\n<p>Este \u00e9 um s\u00e9rum intensivo que combina vitamina C pura com tr\u00eas derivados para potencializar sua a\u00e7\u00e3o antioxidante, iluminadora e firmadora. Enriquecido com extrato de Alpinia Katsumadai, ele atua na preven\u00e7\u00e3o e redu\u00e7\u00e3o de manchas, inibindo a produ\u00e7\u00e3o de melanina e uniformizando o tom da pele. A f\u00f3rmula tamb\u00e9m inclui vitamina E, vitamina B6, alanto\u00edna e serine, que juntos oferecem a\u00e7\u00e3o calmante, hidrata\u00e7\u00e3o profunda e melhora na textura. Dermatologicamente testado, livre de corantes e cruelty-free, \u00e9 indicado para todos os tipos de pele que buscam mais vi\u00e7o e preven\u00e7\u00e3o do envelhecimento.<\/p>\n<p>Para ler conte\u00fados exclusivos e multim\u00eddia,\u00a0<a class=\"c-link\" href=\"https:\/\/loja.elle.com.br\/assinatura?utm_source=site&amp;utm_medium=post&amp;utm_campaign=cta-after-post&quot;\" target=\"_blank\" rel=\"nofollow noopener\"><strong>assine a ELLE View<\/strong><\/a>, nossa revista digital mensal para assinantes<\/p>\n","protected":false},"excerpt":{"rendered":"Da \u201cglass skin\u201d aos ingredientes como centella asi\u00e1tica e mucina de caracol, a busca por produtos coreanos tem&hellip;\n","protected":false},"author":2,"featured_media":195898,"comment_status":"","ping_status":"","sticky":false,"template":"","format":"standard","meta":{"footnotes":""},"categories":[84],"tags":[109,107,108,32,33,105,103,104,106,110],"class_list":{"0":"post-195897","1":"post","2":"type-post","3":"status-publish","4":"format-standard","5":"has-post-thumbnail","7":"category-ciencia-e-tecnologia","8":"tag-ciencia","9":"tag-ciencia-e-tecnologia","10":"tag-cienciaetecnologia","11":"tag-portugal","12":"tag-pt","13":"tag-science","14":"tag-science-and-technology","15":"tag-scienceandtechnology","16":"tag-technology","17":"tag-tecnologia"},"share_on_mastodon":{"url":"https:\/\/pubeurope.com\/@pt\/115751631846360248","error":""},"_links":{"self":[{"href":"https:\/\/www.europesays.com\/pt\/wp-json\/wp\/v2\/posts\/195897","targetHints":{"allow":["GET"]}}],"collection":[{"href":"https:\/\/www.europesays.com\/pt\/wp-json\/wp\/v2\/posts"}],"about":[{"href":"https:\/\/www.europesays.com\/pt\/wp-json\/wp\/v2\/types\/post"}],"author":[{"embeddable":true,"href":"https:\/\/www.europesays.com\/pt\/wp-json\/wp\/v2\/users\/2"}],"replies":[{"embeddable":true,"href":"https:\/\/www.europesays.com\/pt\/wp-json\/wp\/v2\/comments?post=195897"}],"version-history":[{"count":0,"href":"https:\/\/www.europesays.com\/pt\/wp-json\/wp\/v2\/posts\/195897\/revisions"}],"wp:featuredmedia":[{"embeddable":true,"href":"https:\/\/www.europesays.com\/pt\/wp-json\/wp\/v2\/media\/195898"}],"wp:attachment":[{"href":"https:\/\/www.europesays.com\/pt\/wp-json\/wp\/v2\/media?parent=195897"}],"wp:term":[{"taxonomy":"category","embeddable":true,"href":"https:\/\/www.europesays.com\/pt\/wp-json\/wp\/v2\/categories?post=195897"},{"taxonomy":"post_tag","embeddable":true,"href":"https:\/\/www.europesays.com\/pt\/wp-json\/wp\/v2\/tags?post=195897"}],"curies":[{"name":"wp","href":"https:\/\/api.w.org\/{rel}","templated":true}]}}